{"id":1004,"date":"2013-02-05T17:27:25","date_gmt":"2013-02-05T17:27:25","guid":{"rendered":"http:\/\/skupstinazp.ba\/?p=1004"},"modified":"2013-02-05T17:27:25","modified_gmt":"2013-02-05T17:27:25","slug":"1004","status":"publish","type":"post","link":"https:\/\/skupstinazp.ba\/new\/1004\/","title":{"rendered":"ZASTUPNIK MIKI\u0106 PRIMIO IZASLANSTVO OV DOMALJEVAC &#8211; \u0160AMAC"},"content":{"rendered":"<p><a href=\"http:\/\/skupstinazp.ba\/wp-content\/uploads\/2013\/02\/Ilija-Mikic.jpg\"><img loading=\"lazy\" decoding=\"async\" class=\"aligncenter size-full wp-image-1006\" title=\"Ilija Mikic\" src=\"http:\/\/skupstinazp.ba\/wp-content\/uploads\/2013\/02\/Ilija-Mikic.jpg\" alt=\"\" width=\"180\" height=\"231\" \/><\/a>DOMALJEVAC &#8211; U sklopu svojih obveza kao profesionalni zastupnik Ilija Miki\u0107 je odlu\u010dio vrijeme provedeno na radu u Skup\u0161tini posvetiti ljudima i vlastima podru\u010dja. <!--more Pro\u010ditaj vi\u0161e --> Tako je u radni posjet primio predsjednika i dopredsjednika OV Domaljevac-\u0160amac Maria \u0106o\u0161kovi\u0107a i Alena \u0106o\u0161kovi\u0107a. U razgovoru zastupnik Miki\u0107 se informirao o stanju u op\u0107ini Domaljevac-\u0160amac, te problemima koje ova op\u0107ina ima. Mario i Alen \u0106o\u0161kovi\u0107 su ga upoznali s punjenjem op\u0107inskog prora\u010duna, te planovima u radu za ovu 2013. godinu, kada se radi o radu OV Domaljevac-\u0160amac. Miki\u0107 se zahvalio na informacijama i najavio skora\u0161nju posjet i na\u010delniku op\u0107ine Domaljevac-\u0160amac \u017deljku Josi\u0107u.<\/p>\n","protected":false},"excerpt":{"rendered":"<p>DOMALJEVAC &#8211; U sklopu svojih obveza kao profesionalni zastupnik Ilija Miki\u0107 je odlu\u010dio vrijeme provedeno na radu u Skup\u0161tini posvetiti ljudima i vlastima podru\u010dja.<\/p>\n","protected":false},"author":2,"featured_media":0,"comment_status":"closed","ping_status":"closed","sticky":false,"template":"","format":"standard","meta":{"footnotes":""},"categories":[2],"tags":[],"class_list":["post-1004","post","type-post","status-publish","format-standard","hentry","category-novosti"],"_links":{"self":[{"href":"https:\/\/skupstinazp.ba\/new\/wp-json\/wp\/v2\/posts\/1004","targetHints":{"allow":["GET"]}}],"collection":[{"href":"https:\/\/skupstinazp.ba\/new\/wp-json\/wp\/v2\/posts"}],"about":[{"href":"https:\/\/skupstinazp.ba\/new\/wp-json\/wp\/v2\/types\/post"}],"author":[{"embeddable":true,"href":"https:\/\/skupstinazp.ba\/new\/wp-json\/wp\/v2\/users\/2"}],"replies":[{"embeddable":true,"href":"https:\/\/skupstinazp.ba\/new\/wp-json\/wp\/v2\/comments?post=1004"}],"version-history":[{"count":0,"href":"https:\/\/skupstinazp.ba\/new\/wp-json\/wp\/v2\/posts\/1004\/revisions"}],"wp:attachment":[{"href":"https:\/\/skupstinazp.ba\/new\/wp-json\/wp\/v2\/media?parent=1004"}],"wp:term":[{"taxonomy":"category","embeddable":true,"href":"https:\/\/skupstinazp.ba\/new\/wp-json\/wp\/v2\/categories?post=1004"},{"taxonomy":"post_tag","embeddable":true,"href":"https:\/\/skupstinazp.ba\/new\/wp-json\/wp\/v2\/tags?post=1004"}],"curies":[{"name":"wp","href":"https:\/\/api.w.org\/{rel}","templated":true}]}}