{"id":1015,"date":"2013-02-13T07:50:54","date_gmt":"2013-02-13T07:50:54","guid":{"rendered":"http:\/\/skupstinazp.ba\/?p=1015"},"modified":"2013-02-13T07:50:54","modified_gmt":"2013-02-13T07:50:54","slug":"zasjeda-kolegij-skupstine","status":"publish","type":"post","link":"https:\/\/skupstinazp.ba\/new\/zasjeda-kolegij-skupstine\/","title":{"rendered":"ZASJEDAO KOLEGIJ SKUP\u0160TINE"},"content":{"rendered":"<p><a href=\"http:\/\/skupstinazp.ba\/wp-content\/uploads\/2013\/02\/Zgrada_skupstina-ZP.jpg\"><img loading=\"lazy\" decoding=\"async\" class=\"aligncenter size-medium wp-image-1018\" title=\"Zgrada_skupstina ZP\" src=\"http:\/\/skupstinazp.ba\/wp-content\/uploads\/2013\/02\/Zgrada_skupstina-ZP-300x225.jpg\" alt=\"\" width=\"300\" height=\"225\" srcset=\"https:\/\/skupstinazp.ba\/new\/wp-content\/uploads\/2013\/02\/Zgrada_skupstina-ZP-300x225.jpg 300w, https:\/\/skupstinazp.ba\/new\/wp-content\/uploads\/2013\/02\/Zgrada_skupstina-ZP.jpg 360w\" sizes=\"auto, (max-width: 300px) 100vw, 300px\" \/><\/a>DOMALJEVAC &#8211; U sjedi\u0161tu zakonodavne vlasti \u017dupanije posavske, mjestu Domaljevac, 12. velja\u010de 2013. godine zasijedao je Kolegij skup\u0161tine na XVII. sjednici Kolegija Skup\u0161tine. <!--more Pro\u010ditaj vi\u0161e --> Na sjednici je razmatran slijede\u0107i dnevni red na kojem su usvojeni zapisnici s XV. I XVI. Sjednice Kolegija, te zaklju\u010dci Skup\u0161tine \u017dupanije posavske broj 01-02-4\/13 od 31.01.2013. godine i broj 01-02-5\/13-II od 31.01.2013. godine. Razmatrane su inicijative zastupnika s XI. sjednice Skup\u0161tine \u017dupanije Posavske, kao i prijam izaslanstva iz Skup\u0161tine Tuzlanskog kantona, te upit novinara RTRS-a. Razmatraju\u0107i to\u010dku Dnevnog reda Zaklju\u010dak Skup\u0161tine broj 01-02-5\/13-II od 31.01.2013. godine Kolegij je usvojio da se obave Javna rasprave o Kodeksu pona\u0161anja izabranih du\u017enosnika i nositelja izvr\u0161nih funkcija u Skup\u0161tini \u017dupanije Posavske i to u <strong>Domaljevcu, 28.02.2013. godine<\/strong> u <span style=\"text-decoration: underline;\">Dvorani Skup\u0161tine \u017dupanije Posavske,<\/span> <strong>Ora\u0161ju, 07.03.2013. godine<\/strong> u <span style=\"text-decoration: underline;\">Kino dvorani<\/span> Ora\u0161je i <strong>Od\u017eaku, 14.03.2013. godine<\/strong> u <span style=\"text-decoration: underline;\">Maloj dvorani Centra za kulturu<\/span> Od\u017eak<\/p>\n","protected":false},"excerpt":{"rendered":"<p>DOMALJEVAC &#8211; U sjedi\u0161tu zakonodavne vlasti \u017dupanije posavske, mjestu Domaljevac, 12. velja\u010de 2013. godine zasijedao je Kolegij skup\u0161tine na XVII. sjednici Kolegija Skup\u0161tine.<\/p>\n","protected":false},"author":2,"featured_media":0,"comment_status":"closed","ping_status":"closed","sticky":false,"template":"","format":"standard","meta":{"footnotes":""},"categories":[2],"tags":[],"class_list":["post-1015","post","type-post","status-publish","format-standard","hentry","category-novosti"],"_links":{"self":[{"href":"https:\/\/skupstinazp.ba\/new\/wp-json\/wp\/v2\/posts\/1015","targetHints":{"allow":["GET"]}}],"collection":[{"href":"https:\/\/skupstinazp.ba\/new\/wp-json\/wp\/v2\/posts"}],"about":[{"href":"https:\/\/skupstinazp.ba\/new\/wp-json\/wp\/v2\/types\/post"}],"author":[{"embeddable":true,"href":"https:\/\/skupstinazp.ba\/new\/wp-json\/wp\/v2\/users\/2"}],"replies":[{"embeddable":true,"href":"https:\/\/skupstinazp.ba\/new\/wp-json\/wp\/v2\/comments?post=1015"}],"version-history":[{"count":0,"href":"https:\/\/skupstinazp.ba\/new\/wp-json\/wp\/v2\/posts\/1015\/revisions"}],"wp:attachment":[{"href":"https:\/\/skupstinazp.ba\/new\/wp-json\/wp\/v2\/media?parent=1015"}],"wp:term":[{"taxonomy":"category","embeddable":true,"href":"https:\/\/skupstinazp.ba\/new\/wp-json\/wp\/v2\/categories?post=1015"},{"taxonomy":"post_tag","embeddable":true,"href":"https:\/\/skupstinazp.ba\/new\/wp-json\/wp\/v2\/tags?post=1015"}],"curies":[{"name":"wp","href":"https:\/\/api.w.org\/{rel}","templated":true}]}}