{"id":1020,"date":"2013-02-13T08:05:25","date_gmt":"2013-02-13T08:05:25","guid":{"rendered":"http:\/\/skupstinazp.ba\/?p=1020"},"modified":"2013-02-13T08:05:25","modified_gmt":"2013-02-13T08:05:25","slug":"obiljezen-dan-opcine-odzak-2","status":"publish","type":"post","link":"https:\/\/skupstinazp.ba\/new\/obiljezen-dan-opcine-odzak-2\/","title":{"rendered":"OBILJE\u017dEN DAN OP\u0106INE OD\u017dAK"},"content":{"rendered":"<p><a href=\"http:\/\/skupstinazp.ba\/wp-content\/uploads\/2013\/02\/POLAGANJE-VIJENACA-ODZAK.jpg\"><img loading=\"lazy\" decoding=\"async\" class=\"aligncenter size-medium wp-image-1022\" title=\"POLAGANJE VIJENACA ODZAK\" src=\"http:\/\/skupstinazp.ba\/wp-content\/uploads\/2013\/02\/POLAGANJE-VIJENACA-ODZAK-300x240.jpg\" alt=\"\" width=\"300\" height=\"240\" srcset=\"https:\/\/skupstinazp.ba\/new\/wp-content\/uploads\/2013\/02\/POLAGANJE-VIJENACA-ODZAK-300x240.jpg 300w, https:\/\/skupstinazp.ba\/new\/wp-content\/uploads\/2013\/02\/POLAGANJE-VIJENACA-ODZAK.jpg 720w\" sizes=\"auto, (max-width: 300px) 100vw, 300px\" \/><\/a>OD\u017dAK &#8211; Dan kada su se, nakon posljednjeg rata, vratili prvi povratnici, na podru\u010dje op\u0107ine Od\u017eak, ova posavska op\u0107ijna obilje\u017eava kao svoj dan. <!--more Pro\u010ditaj vi\u0161e --> Povratak se dogodio prije 17 godina,<br \/>\nali se nije kompletna prijeratna op\u0107ina integrirala u novu op\u0107inu Od\u017eak. Ju\u017eni dio op\u0107ine se odvojio i na tom podru\u010dju u okviru RS-a nastala je op\u0107ina Vukosavlje. Op\u0107ina Od\u017eak pro\u017eivljava te\u0161ke dane. Nedostatak financijskih sredstava, uga\u0161ena uli\u010dna rasvjeta i prora\u010dun koji se realno mo\u017ee kretati tek oko 3,5 milijuna maraka problemi su koji su istaknuti na sve\u010danoj sjednici Op\u0107inskog vije\u0107a. U Vije\u0107u je deset politi\u010dkih subjekata, ove godine prvi puta i vije\u0107nik nacionalnih manjina. Sjednici OV Od\u017eak nazo\u010dilo je izaslanstvo Skup\u0161tine \u017dupanije posavske na \u010delu s dopredsjednikom Anesom Osmanovi\u0107em. Prije sve\u010dane sjednice Vije\u0107a, izasalnstvo Skup\u0161tine je polo\u017eilo vijence na spomen obilje\u017eju u sredi\u0161tu Od\u017eaka.<\/p>\n","protected":false},"excerpt":{"rendered":"<p>OD\u017dAK &#8211; Dan kada su se, nakon posljednjeg rata, vratili prvi povratnici, na podru\u010dje op\u0107ine Od\u017eak, ova posavska op\u0107ijna obilje\u017eava kao svoj dan.<\/p>\n","protected":false},"author":2,"featured_media":0,"comment_status":"closed","ping_status":"closed","sticky":false,"template":"","format":"standard","meta":{"footnotes":""},"categories":[2],"tags":[],"class_list":["post-1020","post","type-post","status-publish","format-standard","hentry","category-novosti"],"_links":{"self":[{"href":"https:\/\/skupstinazp.ba\/new\/wp-json\/wp\/v2\/posts\/1020","targetHints":{"allow":["GET"]}}],"collection":[{"href":"https:\/\/skupstinazp.ba\/new\/wp-json\/wp\/v2\/posts"}],"about":[{"href":"https:\/\/skupstinazp.ba\/new\/wp-json\/wp\/v2\/types\/post"}],"author":[{"embeddable":true,"href":"https:\/\/skupstinazp.ba\/new\/wp-json\/wp\/v2\/users\/2"}],"replies":[{"embeddable":true,"href":"https:\/\/skupstinazp.ba\/new\/wp-json\/wp\/v2\/comments?post=1020"}],"version-history":[{"count":0,"href":"https:\/\/skupstinazp.ba\/new\/wp-json\/wp\/v2\/posts\/1020\/revisions"}],"wp:attachment":[{"href":"https:\/\/skupstinazp.ba\/new\/wp-json\/wp\/v2\/media?parent=1020"}],"wp:term":[{"taxonomy":"category","embeddable":true,"href":"https:\/\/skupstinazp.ba\/new\/wp-json\/wp\/v2\/categories?post=1020"},{"taxonomy":"post_tag","embeddable":true,"href":"https:\/\/skupstinazp.ba\/new\/wp-json\/wp\/v2\/tags?post=1020"}],"curies":[{"name":"wp","href":"https:\/\/api.w.org\/{rel}","templated":true}]}}