{"id":1024,"date":"2013-02-13T08:14:44","date_gmt":"2013-02-13T08:14:44","guid":{"rendered":"http:\/\/skupstinazp.ba\/?p=1024"},"modified":"2013-02-13T08:14:44","modified_gmt":"2013-02-13T08:14:44","slug":"poceli-pregovori-oko-preustroja-federacije-bih","status":"publish","type":"post","link":"https:\/\/skupstinazp.ba\/new\/poceli-pregovori-oko-preustroja-federacije-bih\/","title":{"rendered":"PO\u010cELI PREGOVORI OKO PREUSTROJA FEDERACIJE BiH"},"content":{"rendered":"<p><a href=\"http:\/\/skupstinazp.ba\/wp-content\/uploads\/2013\/02\/ekspertna-skupina.jpg\"><img loading=\"lazy\" decoding=\"async\" class=\"aligncenter size-medium wp-image-1026\" title=\"ekspertna skupina\" src=\"http:\/\/skupstinazp.ba\/wp-content\/uploads\/2013\/02\/ekspertna-skupina-300x240.jpg\" alt=\"\" width=\"300\" height=\"240\" srcset=\"https:\/\/skupstinazp.ba\/new\/wp-content\/uploads\/2013\/02\/ekspertna-skupina-300x240.jpg 300w, https:\/\/skupstinazp.ba\/new\/wp-content\/uploads\/2013\/02\/ekspertna-skupina.jpg 720w\" sizes=\"auto, (max-width: 300px) 100vw, 300px\" \/><\/a>ORA\u0160JE\/DOMALJEVAC &#8211; U petak, 08. velja\u010de 2013. godine, odr\u017ean je sastanak Ekspertna skupina za izradu preporuka za promjene Ustava Federacije BiH s predstavnicima vlasti \u017dupanije posavske i op\u0107ine Domaljevac-\u0160amac. <!--more Pro\u010ditaj vi\u0161e --> U Ora\u0161ju su razgovoarali s predsjednikom Vlade mr. Marijanom Or\u0161oli\u0107em i predsjednikom Skup\u0161tine \u017dupanije posavske prof. Mariom Jurki\u0107em, a potom su razgovarali s op\u0107inskim na\u010delnikom \u017deljkom Josi\u0107em u op\u0107inskom poglavarstvu u Domaljevcu. Ekspertnu skupinu \u010dine Kre\u0161imir Zubak, Vehid \u0160ehi\u0107 i Zlatan Begi\u0107. Predmet interesa Ekspertne grupe su iskustva u funkcioniranju \u017eupanijske i lokalne uprave. Nakon sastanka Zlatan Begi\u0107 je potvrdio da su razgovarali u Ora\u0161ju i Domaljevacu. Kazao je kako je Ekspertna skupina u fazi obilaska svih podru\u010dja BiH i prikupljanja relevantnih podataka o na\u010dinima organiziranja lokalne uprave. Nije \u017eelio govoriti ni o kakvom rje\u0161enju, jer kako je kazao Ekspertna skupina jo\u0161 nema rje\u0161enje. Rje\u0161enje koje \u0107e predlo\u017eiti bit \u0107e objavljeno nakon posjeta svim podru\u010djima BiH.<\/p>\n","protected":false},"excerpt":{"rendered":"<p>ORA\u0160JE\/DOMALJEVAC &#8211; U petak, 08. velja\u010de 2013. godine, odr\u017ean je sastanak Ekspertna skupina za izradu preporuka za promjene Ustava Federacije BiH s predstavnicima vlasti \u017dupanije posavske i op\u0107ine Domaljevac-\u0160amac.<\/p>\n","protected":false},"author":2,"featured_media":0,"comment_status":"closed","ping_status":"closed","sticky":false,"template":"","format":"standard","meta":{"footnotes":""},"categories":[2],"tags":[],"class_list":["post-1024","post","type-post","status-publish","format-standard","hentry","category-novosti"],"_links":{"self":[{"href":"https:\/\/skupstinazp.ba\/new\/wp-json\/wp\/v2\/posts\/1024","targetHints":{"allow":["GET"]}}],"collection":[{"href":"https:\/\/skupstinazp.ba\/new\/wp-json\/wp\/v2\/posts"}],"about":[{"href":"https:\/\/skupstinazp.ba\/new\/wp-json\/wp\/v2\/types\/post"}],"author":[{"embeddable":true,"href":"https:\/\/skupstinazp.ba\/new\/wp-json\/wp\/v2\/users\/2"}],"replies":[{"embeddable":true,"href":"https:\/\/skupstinazp.ba\/new\/wp-json\/wp\/v2\/comments?post=1024"}],"version-history":[{"count":0,"href":"https:\/\/skupstinazp.ba\/new\/wp-json\/wp\/v2\/posts\/1024\/revisions"}],"wp:attachment":[{"href":"https:\/\/skupstinazp.ba\/new\/wp-json\/wp\/v2\/media?parent=1024"}],"wp:term":[{"taxonomy":"category","embeddable":true,"href":"https:\/\/skupstinazp.ba\/new\/wp-json\/wp\/v2\/categories?post=1024"},{"taxonomy":"post_tag","embeddable":true,"href":"https:\/\/skupstinazp.ba\/new\/wp-json\/wp\/v2\/tags?post=1024"}],"curies":[{"name":"wp","href":"https:\/\/api.w.org\/{rel}","templated":true}]}}