{"id":1046,"date":"2013-02-20T18:28:54","date_gmt":"2013-02-20T18:28:54","guid":{"rendered":"http:\/\/skupstinazp.ba\/?p=1046"},"modified":"2013-02-20T18:28:54","modified_gmt":"2013-02-20T18:28:54","slug":"1046","status":"publish","type":"post","link":"https:\/\/skupstinazp.ba\/new\/1046\/","title":{"rendered":"ZASTUPNICI SKUP\u0160TINE POSJETILI ISLAMSKU ZAJEDNICU OD\u017dAK"},"content":{"rendered":"<p><a href=\"http:\/\/skupstinazp.ba\/wp-content\/uploads\/2013\/02\/ZASTUPNICI-U-DZAMIJI-U-ODZAKU.jpg\"><img loading=\"lazy\" decoding=\"async\" class=\"aligncenter size-medium wp-image-1048\" title=\"ZASTUPNICI U DZAMIJI U ODZAKU\" src=\"http:\/\/skupstinazp.ba\/wp-content\/uploads\/2013\/02\/ZASTUPNICI-U-DZAMIJI-U-ODZAKU-300x240.jpg\" alt=\"\" width=\"300\" height=\"240\" srcset=\"https:\/\/skupstinazp.ba\/new\/wp-content\/uploads\/2013\/02\/ZASTUPNICI-U-DZAMIJI-U-ODZAKU-300x240.jpg 300w, https:\/\/skupstinazp.ba\/new\/wp-content\/uploads\/2013\/02\/ZASTUPNICI-U-DZAMIJI-U-ODZAKU.jpg 720w\" sizes=\"auto, (max-width: 300px) 100vw, 300px\" \/><\/a>DOMALJEVAC\/OD\u017dAK 20.02.2013.godine &#8211; U sklopu svakodnevnih aktivnosti profesionalno anga\u017eirani zastupnici u Skup\u0161tini \u017dupanij posavske, zajedno s dopredsjednikom Anesom Osmanovi\u0107em, posjetili su Islamsku vjersku zajednicu u Od\u017eaku, a planiraju obi\u0107i i katoli\u010dku \u017eupu Od\u017eak ali i \u017eupe u selima oko Od\u017eaka. <!--more Pro\u010ditaj vi\u0161e --> Dopredsjednik Osmanovi\u0107 je kazao kako je sastanak bio koristan na kojem ih je glavni od\u017ea\u010dki imam upoznao s problemima, prvenstveno nedostatkom Zakona o vjerskim zajednicama u \u017dP. Ovu \u0107e problematiku, istaknuo je Osmanovi\u0107, proslijediti u skup\u0161tinsku proceduru.<\/p>\n","protected":false},"excerpt":{"rendered":"<p>DOMALJEVAC\/OD\u017dAK 20.02.2013.godine &#8211; U sklopu svakodnevnih aktivnosti profesionalno anga\u017eirani zastupnici u Skup\u0161tini \u017dupanij posavske, zajedno s dopredsjednikom Anesom Osmanovi\u0107em, posjetili su Islamsku vjersku zajednicu u Od\u017eaku, a planiraju obi\u0107i i katoli\u010dku \u017eupu Od\u017eak ali i \u017eupe u selima oko Od\u017eaka.<\/p>\n","protected":false},"author":2,"featured_media":0,"comment_status":"closed","ping_status":"closed","sticky":false,"template":"","format":"standard","meta":{"footnotes":""},"categories":[2],"tags":[],"class_list":["post-1046","post","type-post","status-publish","format-standard","hentry","category-novosti"],"_links":{"self":[{"href":"https:\/\/skupstinazp.ba\/new\/wp-json\/wp\/v2\/posts\/1046","targetHints":{"allow":["GET"]}}],"collection":[{"href":"https:\/\/skupstinazp.ba\/new\/wp-json\/wp\/v2\/posts"}],"about":[{"href":"https:\/\/skupstinazp.ba\/new\/wp-json\/wp\/v2\/types\/post"}],"author":[{"embeddable":true,"href":"https:\/\/skupstinazp.ba\/new\/wp-json\/wp\/v2\/users\/2"}],"replies":[{"embeddable":true,"href":"https:\/\/skupstinazp.ba\/new\/wp-json\/wp\/v2\/comments?post=1046"}],"version-history":[{"count":0,"href":"https:\/\/skupstinazp.ba\/new\/wp-json\/wp\/v2\/posts\/1046\/revisions"}],"wp:attachment":[{"href":"https:\/\/skupstinazp.ba\/new\/wp-json\/wp\/v2\/media?parent=1046"}],"wp:term":[{"taxonomy":"category","embeddable":true,"href":"https:\/\/skupstinazp.ba\/new\/wp-json\/wp\/v2\/categories?post=1046"},{"taxonomy":"post_tag","embeddable":true,"href":"https:\/\/skupstinazp.ba\/new\/wp-json\/wp\/v2\/tags?post=1046"}],"curies":[{"name":"wp","href":"https:\/\/api.w.org\/{rel}","templated":true}]}}