{"id":1057,"date":"2013-02-21T21:14:59","date_gmt":"2013-02-21T21:14:59","guid":{"rendered":"http:\/\/skupstinazp.ba\/?p=1057"},"modified":"2013-02-21T21:14:59","modified_gmt":"2013-02-21T21:14:59","slug":"posjet-predstavnika-oess-a-skupstini-zp","status":"publish","type":"post","link":"https:\/\/skupstinazp.ba\/new\/posjet-predstavnika-oess-a-skupstini-zp\/","title":{"rendered":"POSJET PREDSTAVNIKA OESS-a SKUP\u0160TINI \u017dP"},"content":{"rendered":"<p><a href=\"https:\/\/skupstinazp.ba\/new\/wp-content\/uploads\/2013\/02\/oess-kod-jurkica.jpg\"><img loading=\"lazy\" decoding=\"async\" class=\"aligncenter size-medium wp-image-1059\" title=\"OLYMPUS DIGITAL CAMERA\" src=\"http:\/\/skupstinazp.ba\/1\/wp-content\/uploads\/2013\/02\/oess-kod-jurkica-300x225.jpg\" alt=\"\" width=\"300\" height=\"225\" srcset=\"https:\/\/skupstinazp.ba\/new\/wp-content\/uploads\/2013\/02\/oess-kod-jurkica-300x225.jpg 300w, https:\/\/skupstinazp.ba\/new\/wp-content\/uploads\/2013\/02\/oess-kod-jurkica-1024x768.jpg 1024w, https:\/\/skupstinazp.ba\/new\/wp-content\/uploads\/2013\/02\/oess-kod-jurkica-768x576.jpg 768w, https:\/\/skupstinazp.ba\/new\/wp-content\/uploads\/2013\/02\/oess-kod-jurkica-1536x1152.jpg 1536w, https:\/\/skupstinazp.ba\/new\/wp-content\/uploads\/2013\/02\/oess-kod-jurkica-2048x1536.jpg 2048w, https:\/\/skupstinazp.ba\/new\/wp-content\/uploads\/2013\/02\/oess-kod-jurkica-1568x1176.jpg 1568w\" sizes=\"auto, (max-width: 300px) 100vw, 300px\" \/><\/a>DOMALJEVAC &#8211; Predsjednik i dopredsjednik Skup\u0161tine \u017dupanije posavske prof. Mario Jurki\u0107 i Anes Osmanovi\u0107 primili su u slu\u017ebeni posjet predstanicu OESS-a, terenski ured Bijeljina Sne\u017eanu Da\u010di\u0107. <!--more Pro\u010ditaj vi\u0161e --> Tema razgovora je stru\u010dno usavr\u0161avanje Stru\u010dne slu\u017ebe Sku\u0161tine \u017dupanije posavske, kao i Akcijski plan djelovanja u 2013. godini. Predsjednik Jurki\u0107 se zahvalio na posjeti i ponu\u0111enoj suradnji koju je prihvatio. Na taj je na\u010din postignut dogovor oko razvoja \u017eupanijske javne uprave.<\/p>\n","protected":false},"excerpt":{"rendered":"<p>DOMALJEVAC &#8211; Predsjednik i dopredsjednik Skup\u0161tine \u017dupanije posavske prof. Mario Jurki\u0107 i Anes Osmanovi\u0107 primili su u slu\u017ebeni posjet predstanicu OESS-a, terenski ured Bijeljina Sne\u017eanu Da\u010di\u0107.<\/p>\n","protected":false},"author":2,"featured_media":0,"comment_status":"closed","ping_status":"closed","sticky":false,"template":"","format":"standard","meta":{"footnotes":""},"categories":[2],"tags":[],"class_list":["post-1057","post","type-post","status-publish","format-standard","hentry","category-novosti"],"_links":{"self":[{"href":"https:\/\/skupstinazp.ba\/new\/wp-json\/wp\/v2\/posts\/1057","targetHints":{"allow":["GET"]}}],"collection":[{"href":"https:\/\/skupstinazp.ba\/new\/wp-json\/wp\/v2\/posts"}],"about":[{"href":"https:\/\/skupstinazp.ba\/new\/wp-json\/wp\/v2\/types\/post"}],"author":[{"embeddable":true,"href":"https:\/\/skupstinazp.ba\/new\/wp-json\/wp\/v2\/users\/2"}],"replies":[{"embeddable":true,"href":"https:\/\/skupstinazp.ba\/new\/wp-json\/wp\/v2\/comments?post=1057"}],"version-history":[{"count":0,"href":"https:\/\/skupstinazp.ba\/new\/wp-json\/wp\/v2\/posts\/1057\/revisions"}],"wp:attachment":[{"href":"https:\/\/skupstinazp.ba\/new\/wp-json\/wp\/v2\/media?parent=1057"}],"wp:term":[{"taxonomy":"category","embeddable":true,"href":"https:\/\/skupstinazp.ba\/new\/wp-json\/wp\/v2\/categories?post=1057"},{"taxonomy":"post_tag","embeddable":true,"href":"https:\/\/skupstinazp.ba\/new\/wp-json\/wp\/v2\/tags?post=1057"}],"curies":[{"name":"wp","href":"https:\/\/api.w.org\/{rel}","templated":true}]}}