{"id":1063,"date":"2013-02-22T21:13:43","date_gmt":"2013-02-22T21:13:43","guid":{"rendered":"http:\/\/skupstinazp.ba\/?p=1063"},"modified":"2013-02-22T21:13:43","modified_gmt":"2013-02-22T21:13:43","slug":"kolegij-skupstine","status":"publish","type":"post","link":"https:\/\/skupstinazp.ba\/new\/kolegij-skupstine\/","title":{"rendered":"KOLEGIJ SKUP\u0160TINE"},"content":{"rendered":"<p><a href=\"https:\/\/skupstinazp.ba\/new\/wp-content\/uploads\/2013\/02\/Zgrada-skupstinw-zp.jpg\"><img loading=\"lazy\" decoding=\"async\" class=\"aligncenter size-medium wp-image-1065\" title=\"Zgrada skupstinw zp\" src=\"http:\/\/skupstinazp.ba\/1\/wp-content\/uploads\/2013\/02\/Zgrada-skupstinw-zp-300x168.jpg\" alt=\"\" width=\"300\" height=\"168\" srcset=\"https:\/\/skupstinazp.ba\/new\/wp-content\/uploads\/2013\/02\/Zgrada-skupstinw-zp-300x168.jpg 300w, https:\/\/skupstinazp.ba\/new\/wp-content\/uploads\/2013\/02\/Zgrada-skupstinw-zp-1024x575.jpg 1024w, https:\/\/skupstinazp.ba\/new\/wp-content\/uploads\/2013\/02\/Zgrada-skupstinw-zp-768x431.jpg 768w, https:\/\/skupstinazp.ba\/new\/wp-content\/uploads\/2013\/02\/Zgrada-skupstinw-zp-1536x862.jpg 1536w, https:\/\/skupstinazp.ba\/new\/wp-content\/uploads\/2013\/02\/Zgrada-skupstinw-zp-2048x1149.jpg 2048w, https:\/\/skupstinazp.ba\/new\/wp-content\/uploads\/2013\/02\/Zgrada-skupstinw-zp-1568x880.jpg 1568w\" sizes=\"auto, (max-width: 300px) 100vw, 300px\" \/><\/a>DOMALJEVAC &#8211; U sjedi\u0161tu zakonodavne vlasti, u Domaljevcu 20. velja\u010de 2013. godine je odr\u017ean sastanak kolegija skup\u0161tine i vlade \u017dP, javljeno je iz ureda dopredsjednika Skup\u0161tine \u017dupanije posavske. <!--more Pro\u010ditaj vi\u0161e --> Na kolegiju je dogovarano usagla\u0161avanje oko programa rada<br \/>\nVlade i Skup\u0161tine koji \u0107e se uskoro na\u0107i u skup\u0161tinskoj proceduri. Bilo je govora o izvje\u0161tajima svih ministarstava te njihovoj \u017eurnosti kao i popunjenju upra\u017eenog ministarstva pravosu\u0111a, uz po\u0161tivanje nacionalne zastupljenosti ministara u vladi sukladno ustavu \u017dupanije posavske.<\/p>\n","protected":false},"excerpt":{"rendered":"<p>DOMALJEVAC &#8211; U sjedi\u0161tu zakonodavne vlasti, u Domaljevcu 20. velja\u010de 2013. godine je odr\u017ean sastanak kolegija skup\u0161tine i vlade \u017dP, javljeno je iz ureda dopredsjednika Skup\u0161tine \u017dupanije posavske.<\/p>\n","protected":false},"author":2,"featured_media":0,"comment_status":"closed","ping_status":"closed","sticky":false,"template":"","format":"standard","meta":{"footnotes":""},"categories":[2],"tags":[],"class_list":["post-1063","post","type-post","status-publish","format-standard","hentry","category-novosti"],"_links":{"self":[{"href":"https:\/\/skupstinazp.ba\/new\/wp-json\/wp\/v2\/posts\/1063","targetHints":{"allow":["GET"]}}],"collection":[{"href":"https:\/\/skupstinazp.ba\/new\/wp-json\/wp\/v2\/posts"}],"about":[{"href":"https:\/\/skupstinazp.ba\/new\/wp-json\/wp\/v2\/types\/post"}],"author":[{"embeddable":true,"href":"https:\/\/skupstinazp.ba\/new\/wp-json\/wp\/v2\/users\/2"}],"replies":[{"embeddable":true,"href":"https:\/\/skupstinazp.ba\/new\/wp-json\/wp\/v2\/comments?post=1063"}],"version-history":[{"count":0,"href":"https:\/\/skupstinazp.ba\/new\/wp-json\/wp\/v2\/posts\/1063\/revisions"}],"wp:attachment":[{"href":"https:\/\/skupstinazp.ba\/new\/wp-json\/wp\/v2\/media?parent=1063"}],"wp:term":[{"taxonomy":"category","embeddable":true,"href":"https:\/\/skupstinazp.ba\/new\/wp-json\/wp\/v2\/categories?post=1063"},{"taxonomy":"post_tag","embeddable":true,"href":"https:\/\/skupstinazp.ba\/new\/wp-json\/wp\/v2\/tags?post=1063"}],"curies":[{"name":"wp","href":"https:\/\/api.w.org\/{rel}","templated":true}]}}