{"id":1067,"date":"2013-02-22T21:20:49","date_gmt":"2013-02-22T21:20:49","guid":{"rendered":"http:\/\/skupstinazp.ba\/?p=1067"},"modified":"2013-02-22T21:20:49","modified_gmt":"2013-02-22T21:20:49","slug":"zakazana-xii-sjednica-skupstine-zp","status":"publish","type":"post","link":"https:\/\/skupstinazp.ba\/new\/zakazana-xii-sjednica-skupstine-zp\/","title":{"rendered":"ZAKAZANA XII SJEDNICA SKUP\u0160TINE \u017dP"},"content":{"rendered":"<p><a href=\"https:\/\/skupstinazp.ba\/new\/wp-content\/uploads\/2013\/02\/skupstina-rebalans-2.jpg\"><img loading=\"lazy\" decoding=\"async\" class=\"aligncenter size-medium wp-image-1069\" title=\"skupstina rebalans 2\" src=\"http:\/\/skupstinazp.ba\/1\/wp-content\/uploads\/2013\/02\/skupstina-rebalans-2-300x240.jpg\" alt=\"\" width=\"300\" height=\"240\" srcset=\"https:\/\/skupstinazp.ba\/new\/wp-content\/uploads\/2013\/02\/skupstina-rebalans-2-300x240.jpg 300w, https:\/\/skupstinazp.ba\/new\/wp-content\/uploads\/2013\/02\/skupstina-rebalans-2.jpg 720w\" sizes=\"auto, (max-width: 300px) 100vw, 300px\" \/><\/a>DOMALJEVAC &#8211; Zakazana je XII. sjednica Skup\u0161tine \u017dupanije posavske za dan 05. o\u017eujka 2013. godine (utorak) u 11,00 sati. <!--more Pro\u010ditaj vi\u0161e --> Sjednica \u0107e se odr\u017eati u dvorani za sjednice Skup\u0161tine \u017dupanije Posavske u Domaljevcu. Za sjednicu je predlo\u017een sljede\u0107i Dnevni red:<\/p>\n<p>&nbsp;<\/p>\n<ol>\n<li>Program rada Skup\u0161tine \u017dupanije Posavske za 2013. godinu,<\/li>\n<li>Prijedlog zakona o izmjenama i dopunama Zakona o pru\u017eanju pravne pomo\u0107i<\/li>\n<li>Prijedlog zakona o dopuni Zakona o upravnim pristojbama<\/li>\n<li>Nacrt zakona o javno \u2013 privatnom partnerstvu<\/li>\n<li>Nacrt zakona o geolo\u0161kim istra\u017eivanjima \u017dupanije Posavske<\/li>\n<li>Informacija o stanju sigurnosti na podru\u010dju \u017dupanije Posavske za 2012. godinu<\/li>\n<\/ol>\n<p>&nbsp;<\/p>\n<p>U potpisu poziva za sjednicu Skup\u0161tine \u017dupanije posavske je predsjednik Skup\u0161tine Mario Jurki\u0107, prof.<\/p>\n","protected":false},"excerpt":{"rendered":"<p>DOMALJEVAC &#8211; Zakazana je XII. sjednica Skup\u0161tine \u017dupanije posavske za dan 05. o\u017eujka 2013. godine (utorak) u 11,00 sati.<\/p>\n","protected":false},"author":2,"featured_media":0,"comment_status":"closed","ping_status":"closed","sticky":false,"template":"","format":"standard","meta":{"footnotes":""},"categories":[2],"tags":[],"class_list":["post-1067","post","type-post","status-publish","format-standard","hentry","category-novosti"],"_links":{"self":[{"href":"https:\/\/skupstinazp.ba\/new\/wp-json\/wp\/v2\/posts\/1067","targetHints":{"allow":["GET"]}}],"collection":[{"href":"https:\/\/skupstinazp.ba\/new\/wp-json\/wp\/v2\/posts"}],"about":[{"href":"https:\/\/skupstinazp.ba\/new\/wp-json\/wp\/v2\/types\/post"}],"author":[{"embeddable":true,"href":"https:\/\/skupstinazp.ba\/new\/wp-json\/wp\/v2\/users\/2"}],"replies":[{"embeddable":true,"href":"https:\/\/skupstinazp.ba\/new\/wp-json\/wp\/v2\/comments?post=1067"}],"version-history":[{"count":0,"href":"https:\/\/skupstinazp.ba\/new\/wp-json\/wp\/v2\/posts\/1067\/revisions"}],"wp:attachment":[{"href":"https:\/\/skupstinazp.ba\/new\/wp-json\/wp\/v2\/media?parent=1067"}],"wp:term":[{"taxonomy":"category","embeddable":true,"href":"https:\/\/skupstinazp.ba\/new\/wp-json\/wp\/v2\/categories?post=1067"},{"taxonomy":"post_tag","embeddable":true,"href":"https:\/\/skupstinazp.ba\/new\/wp-json\/wp\/v2\/tags?post=1067"}],"curies":[{"name":"wp","href":"https:\/\/api.w.org\/{rel}","templated":true}]}}