{"id":1071,"date":"2013-02-26T09:46:02","date_gmt":"2013-02-26T09:46:02","guid":{"rendered":"http:\/\/skupstinazp.ba\/?p=1071"},"modified":"2013-02-26T09:46:02","modified_gmt":"2013-02-26T09:46:02","slug":"1071","status":"publish","type":"post","link":"https:\/\/skupstinazp.ba\/new\/1071\/","title":{"rendered":"SASTANAK SA RAVNATELJEM HKO KRUH SVETOG ANTE U SARAJEVU"},"content":{"rendered":"<p style=\"text-align: center;\"><a href=\"https:\/\/skupstinazp.ba\/new\/wp-content\/uploads\/2013\/02\/kruh-sv-ante.jpg\"><img loading=\"lazy\" decoding=\"async\" class=\"aligncenter size-full wp-image-1072\" title=\"kruh sv ante\" src=\"https:\/\/skupstinazp.ba\/new\/wp-content\/uploads\/2013\/02\/kruh-sv-ante.jpg\" alt=\"\" width=\"473\" height=\"355\" srcset=\"https:\/\/skupstinazp.ba\/new\/wp-content\/uploads\/2013\/02\/kruh-sv-ante.jpg 473w, https:\/\/skupstinazp.ba\/new\/wp-content\/uploads\/2013\/02\/kruh-sv-ante-300x225.jpg 300w\" sizes=\"auto, (max-width: 473px) 100vw, 473px\" \/><\/a><\/p>\n<p>Predsjednik Skup\u0161tine \u017dupanije Posavske Mario Jurki\u0107, op\u0107inski na\u010delnik \u017deljko Josi\u0107 i ravnatelj Osnovne \u0161kole u Domaljevcu Branimir Miji\u0107 posjetili su Humanitarno-karitativnu organizaciju Kruh Svetog Ante u Sarajevu gdje su odr\u017eali sastanak s ravnateljem navedene humanitarne organizacije fra Josom Or\u0161oli\u0107em. <!--more Pro\u010ditaj vi\u0161e--><\/p>\n<p>Humanitarno-karitativna organizacija Kruh Svetog Ante je dobrotvorna ustanova Franjeva\u010dke provincije Bosne Srebrene. U okviru svoje djelatnosti organizira rad pu\u010dkih kuhinja, pomo\u0107 povratnicima, raseljenim osobama i siromasima, skrb za djecu, pomo\u0107 studentima i slu\u017ebe za medicinsku pomo\u0107 kroz ku\u0107nu njegu i centre za fizikalnu terapiju. Op\u0107inski na\u010delnik \u017deljko Josi\u0107 upoznao je ravnatelja fra Josu Or\u0161oli\u0107a o projektu izgradnje i pokretanja centra za socijalno zbrinjavanje u Domaljevcu.<\/p>\n","protected":false},"excerpt":{"rendered":"<p>Predsjednik Skup\u0161tine \u017dupanije Posavske Mario Jurki\u0107, op\u0107inski na\u010delnik \u017deljko Josi\u0107 i ravnatelj Osnovne \u0161kole u Domaljevcu Branimir Miji\u0107 posjetili su Humanitarno-karitativnu organizaciju Kruh Svetog Ante u Sarajevu gdje su odr\u017eali sastanak s ravnateljem navedene humanitarne organizacije fra Josom Or\u0161oli\u0107em.<\/p>\n","protected":false},"author":2,"featured_media":0,"comment_status":"closed","ping_status":"closed","sticky":false,"template":"","format":"standard","meta":{"footnotes":""},"categories":[2],"tags":[],"class_list":["post-1071","post","type-post","status-publish","format-standard","hentry","category-novosti"],"_links":{"self":[{"href":"https:\/\/skupstinazp.ba\/new\/wp-json\/wp\/v2\/posts\/1071","targetHints":{"allow":["GET"]}}],"collection":[{"href":"https:\/\/skupstinazp.ba\/new\/wp-json\/wp\/v2\/posts"}],"about":[{"href":"https:\/\/skupstinazp.ba\/new\/wp-json\/wp\/v2\/types\/post"}],"author":[{"embeddable":true,"href":"https:\/\/skupstinazp.ba\/new\/wp-json\/wp\/v2\/users\/2"}],"replies":[{"embeddable":true,"href":"https:\/\/skupstinazp.ba\/new\/wp-json\/wp\/v2\/comments?post=1071"}],"version-history":[{"count":0,"href":"https:\/\/skupstinazp.ba\/new\/wp-json\/wp\/v2\/posts\/1071\/revisions"}],"wp:attachment":[{"href":"https:\/\/skupstinazp.ba\/new\/wp-json\/wp\/v2\/media?parent=1071"}],"wp:term":[{"taxonomy":"category","embeddable":true,"href":"https:\/\/skupstinazp.ba\/new\/wp-json\/wp\/v2\/categories?post=1071"},{"taxonomy":"post_tag","embeddable":true,"href":"https:\/\/skupstinazp.ba\/new\/wp-json\/wp\/v2\/tags?post=1071"}],"curies":[{"name":"wp","href":"https:\/\/api.w.org\/{rel}","templated":true}]}}