{"id":1084,"date":"2013-02-27T07:49:07","date_gmt":"2013-02-27T07:49:07","guid":{"rendered":"http:\/\/skupstinazp.ba\/?p=1084"},"modified":"2013-02-27T07:49:07","modified_gmt":"2013-02-27T07:49:07","slug":"zastupnici-skupstine-zp-na-sjednici-ov-orasje","status":"publish","type":"post","link":"https:\/\/skupstinazp.ba\/new\/zastupnici-skupstine-zp-na-sjednici-ov-orasje\/","title":{"rendered":"ZASTUPNICI \nSKUP\u0160TINE \u017dP NA SJEDNICI OV ORA\u0160JE"},"content":{"rendered":"<p><a href=\"https:\/\/skupstinazp.ba\/new\/wp-content\/uploads\/2013\/02\/DSC05940.jpg\"><img loading=\"lazy\" decoding=\"async\" class=\"aligncenter  wp-image-1085\" title=\"DSC05940\" src=\"http:\/\/skupstinazp.ba\/1\/wp-content\/uploads\/2013\/02\/DSC05940-300x200.jpg\" alt=\"\" width=\"300\" height=\"200\" srcset=\"https:\/\/skupstinazp.ba\/new\/wp-content\/uploads\/2013\/02\/DSC05940-300x200.jpg 300w, https:\/\/skupstinazp.ba\/new\/wp-content\/uploads\/2013\/02\/DSC05940-1024x683.jpg 1024w, https:\/\/skupstinazp.ba\/new\/wp-content\/uploads\/2013\/02\/DSC05940-768x512.jpg 768w, https:\/\/skupstinazp.ba\/new\/wp-content\/uploads\/2013\/02\/DSC05940-1536x1024.jpg 1536w, https:\/\/skupstinazp.ba\/new\/wp-content\/uploads\/2013\/02\/DSC05940-2048x1365.jpg 2048w, https:\/\/skupstinazp.ba\/new\/wp-content\/uploads\/2013\/02\/DSC05940-1568x1045.jpg 1568w\" sizes=\"auto, (max-width: 300px) 100vw, 300px\" \/><\/a>ORA\u0160JE &#8211; Koriste\u0107i svoje radno vrijeme, kao profesionalni zastupnici Skup\u0161tine \u017dupanije posavske, prof. Ilija Miki\u0107 i Ninoslav Su\u0161ilovi\u0107 posjetili su sjednicu Op\u0107inskog vije\u0107a Ora\u0161je. <!--more Pro\u010ditaj vi\u0161e --> Na dnevnom redu sjednice Vije\u0107a bilo je niz aktualnih problema vezanih za funkcioniranje javne uprave na podru\u010dju ora\u0161ke op\u0107ine. Na taj na\u010din zastupnici su se na izravan na\u010din upoznali s problemtikom, koju \u0107e mo\u0107i iskoristiti u svome radu na sjednicama Skup\u0161tine \u017dupanije posavske.<\/p>\n","protected":false},"excerpt":{"rendered":"<p>ORA\u0160JE &#8211; Koriste\u0107i svoje radno vrijeme, kao profesionalni zastupnici Skup\u0161tine \u017dupanije posavske, prof. Ilija Miki\u0107 i Ninoslav Su\u0161ilovi\u0107 posjetili su sjednicu Op\u0107inskog vije\u0107a Ora\u0161je.<\/p>\n","protected":false},"author":2,"featured_media":0,"comment_status":"closed","ping_status":"closed","sticky":false,"template":"","format":"standard","meta":{"footnotes":""},"categories":[2],"tags":[],"class_list":["post-1084","post","type-post","status-publish","format-standard","hentry","category-novosti"],"_links":{"self":[{"href":"https:\/\/skupstinazp.ba\/new\/wp-json\/wp\/v2\/posts\/1084","targetHints":{"allow":["GET"]}}],"collection":[{"href":"https:\/\/skupstinazp.ba\/new\/wp-json\/wp\/v2\/posts"}],"about":[{"href":"https:\/\/skupstinazp.ba\/new\/wp-json\/wp\/v2\/types\/post"}],"author":[{"embeddable":true,"href":"https:\/\/skupstinazp.ba\/new\/wp-json\/wp\/v2\/users\/2"}],"replies":[{"embeddable":true,"href":"https:\/\/skupstinazp.ba\/new\/wp-json\/wp\/v2\/comments?post=1084"}],"version-history":[{"count":0,"href":"https:\/\/skupstinazp.ba\/new\/wp-json\/wp\/v2\/posts\/1084\/revisions"}],"wp:attachment":[{"href":"https:\/\/skupstinazp.ba\/new\/wp-json\/wp\/v2\/media?parent=1084"}],"wp:term":[{"taxonomy":"category","embeddable":true,"href":"https:\/\/skupstinazp.ba\/new\/wp-json\/wp\/v2\/categories?post=1084"},{"taxonomy":"post_tag","embeddable":true,"href":"https:\/\/skupstinazp.ba\/new\/wp-json\/wp\/v2\/tags?post=1084"}],"curies":[{"name":"wp","href":"https:\/\/api.w.org\/{rel}","templated":true}]}}