{"id":1087,"date":"2013-02-27T07:58:15","date_gmt":"2013-02-27T07:58:15","guid":{"rendered":"http:\/\/skupstinazp.ba\/?p=1087"},"modified":"2013-02-27T07:58:15","modified_gmt":"2013-02-27T07:58:15","slug":"zastupnici-skupstine-zp-u-kuci-nade-u-odzaku","status":"publish","type":"post","link":"https:\/\/skupstinazp.ba\/new\/zastupnici-skupstine-zp-u-kuci-nade-u-odzaku\/","title":{"rendered":"ZASTUPNICI SKUP\u0160TINE \u017dP U KU\u0106I NADE U OD\u017dAKU"},"content":{"rendered":"<p><a href=\"https:\/\/skupstinazp.ba\/new\/wp-content\/uploads\/2013\/02\/kuca-nade-Anes1.jpg\"><img loading=\"lazy\" decoding=\"async\" class=\"aligncenter size-medium wp-image-1090\" title=\"kuca nade Anes\" src=\"http:\/\/skupstinazp.ba\/1\/wp-content\/uploads\/2013\/02\/kuca-nade-Anes1-300x225.jpg\" alt=\"\" width=\"300\" height=\"225\" srcset=\"https:\/\/skupstinazp.ba\/new\/wp-content\/uploads\/2013\/02\/kuca-nade-Anes1-300x225.jpg 300w, https:\/\/skupstinazp.ba\/new\/wp-content\/uploads\/2013\/02\/kuca-nade-Anes1-1024x768.jpg 1024w, https:\/\/skupstinazp.ba\/new\/wp-content\/uploads\/2013\/02\/kuca-nade-Anes1-768x576.jpg 768w, https:\/\/skupstinazp.ba\/new\/wp-content\/uploads\/2013\/02\/kuca-nade-Anes1-1536x1152.jpg 1536w, https:\/\/skupstinazp.ba\/new\/wp-content\/uploads\/2013\/02\/kuca-nade-Anes1-2048x1536.jpg 2048w, https:\/\/skupstinazp.ba\/new\/wp-content\/uploads\/2013\/02\/kuca-nade-Anes1-1568x1176.jpg 1568w\" sizes=\"auto, (max-width: 300px) 100vw, 300px\" \/><\/a>OD\u017dAK &#8211; Zastupnici Ilija Ili\u0107, Mustafa Jupi\u0107 i Jozo Bla\u017eevi\u0107 te zastupnica Nada \u0106ulap, predvo\u0111eni dopredsjednikom skup\u0161tine Anesom Osmanovi\u0107em, u sklopu svojih radnih aktivnosti, posjetili su Udru\u017eenje roditelja i djece s posebnim potrebama &#8220;Ku\u0107a nade&#8221; u Od\u017eaku te se na licu mjesta uvjerili o neophodnosti ovakve ustanove te skupili dojmove o ovom udru\u017eenju i njihovim potrebama kao i o\u010dekivanjima od zakonodavne i izvr\u0161ne vlasti op\u0107ina i \u017dupanije Posavske. <!--more Pro\u010ditaj vi\u0161e --> Doma\u0107ini ove posjete Samira Terzi\u0107 i Ivanka \u0160imi\u0107 predstavili su zastupnicima i dopredsjedniku ovaj objekt kao i sve radionice i sadr\u017eaj &#8220;Ku\u0107e nade&#8221;.Nakon obilaska objekta odr\u017ean je sastanak zastupnika i voditelja &#8220;Ku\u0107e nade&#8221; kojem su prisustvovali i stariji \u0161ti\u0107enici ovog udru\u017eenja. Na sastanku je bilo govora o te\u0161koj financijskoj situaciji kako Ustanove tako i cijele \u017dupanije, o\u010dekivanja udru\u017eenja kao i na\u010dine kako da se pomogne da ova Ustanova opstane. Na sastanku je prezentiran i Akcioni plan potreba osoba s invaliditetom koji bi dosta problema ove populacije rije\u0161avao. &#8220;Nakon vi\u0161esatnog dru\u017eenja s voditeljima i \u0161ti\u0107enicima &#8220;Ku\u0107e nade&#8221; \u010dovjek ne mo\u017ee ostati ravnodu\u0161an prema \u0161ti\u0107enicima te fascinira volja, ljubav i po\u017ertvornost djelatnika u ovoj ku\u0107i. Njihovi rezultati i uspjeh su dokaz da se mo\u017ee, uprkos svim neda\u0107ama pokrenuti pozitvna pri\u010da kakva je ova gdje se djeca i odrasli uz pomo\u0107 osoblja bore kako bi se \u0161to vi\u0161e osamostalili uprkos invaliditetu u svom \u017eivotu i zauzeli mjesto u dru\u0161tvu koje na\u017ealost po\u010desto ne razumije njihove potrebe. Kao zastupnici u\u010dinit \u0107emo sve kako bi skrenuli pa\u017enju vlastima i gra\u0111anima o potrebama ovih osoba&#8221;, kazao je dopredsjednik Skup\u0161tine \u017dupanije Posavske Anes Osmanovi\u0107. Na kraju su doma\u0107ini pozvali zastupnike na priredbu &#8220;Dugine boje&#8221; koja \u0107e biti odr\u017eana u nedjelju 03.03.2013. godine u Centru za kulturu Od\u017eak.<\/p>\n","protected":false},"excerpt":{"rendered":"<p>OD\u017dAK &#8211; Zastupnici Ilija Ili\u0107, Mustafa Jupi\u0107 i Jozo Bla\u017eevi\u0107 te zastupnica Nada \u0106ulap, predvo\u0111eni dopredsjednikom skup\u0161tine Anesom Osmanovi\u0107em, u sklopu svojih radnih aktivnosti, posjetili su Udru\u017eenje roditelja i djece s posebnim potrebama &#8220;Ku\u0107a nade&#8221; u Od\u017eaku te se na licu mjesta uvjerili o neophodnosti ovakve ustanove te skupili dojmove o ovom udru\u017eenju i njihovim &hellip;<br \/><a href=\"https:\/\/skupstinazp.ba\/new\/zastupnici-skupstine-zp-u-kuci-nade-u-odzaku\/\" class=\"more-link pen_button pen_element_default pen_icon_arrow_double\">Nastavite \u010ditati <span class=\"screen-reader-text\">ZASTUPNICI SKUP\u0160TINE \u017dP U KU\u0106I NADE U OD\u017dAKU<\/span><\/a><\/p>\n","protected":false},"author":2,"featured_media":0,"comment_status":"closed","ping_status":"closed","sticky":false,"template":"","format":"standard","meta":{"footnotes":""},"categories":[2],"tags":[],"class_list":["post-1087","post","type-post","status-publish","format-standard","hentry","category-novosti"],"_links":{"self":[{"href":"https:\/\/skupstinazp.ba\/new\/wp-json\/wp\/v2\/posts\/1087","targetHints":{"allow":["GET"]}}],"collection":[{"href":"https:\/\/skupstinazp.ba\/new\/wp-json\/wp\/v2\/posts"}],"about":[{"href":"https:\/\/skupstinazp.ba\/new\/wp-json\/wp\/v2\/types\/post"}],"author":[{"embeddable":true,"href":"https:\/\/skupstinazp.ba\/new\/wp-json\/wp\/v2\/users\/2"}],"replies":[{"embeddable":true,"href":"https:\/\/skupstinazp.ba\/new\/wp-json\/wp\/v2\/comments?post=1087"}],"version-history":[{"count":0,"href":"https:\/\/skupstinazp.ba\/new\/wp-json\/wp\/v2\/posts\/1087\/revisions"}],"wp:attachment":[{"href":"https:\/\/skupstinazp.ba\/new\/wp-json\/wp\/v2\/media?parent=1087"}],"wp:term":[{"taxonomy":"category","embeddable":true,"href":"https:\/\/skupstinazp.ba\/new\/wp-json\/wp\/v2\/categories?post=1087"},{"taxonomy":"post_tag","embeddable":true,"href":"https:\/\/skupstinazp.ba\/new\/wp-json\/wp\/v2\/tags?post=1087"}],"curies":[{"name":"wp","href":"https:\/\/api.w.org\/{rel}","templated":true}]}}