{"id":1109,"date":"2013-03-08T07:36:16","date_gmt":"2013-03-08T07:36:16","guid":{"rendered":"http:\/\/skupstinazp.ba\/?p=1109"},"modified":"2013-03-08T07:36:16","modified_gmt":"2013-03-08T07:36:16","slug":"predstavnici-kuce-nade-u-skupstini-zp","status":"publish","type":"post","link":"https:\/\/skupstinazp.ba\/new\/predstavnici-kuce-nade-u-skupstini-zp\/","title":{"rendered":"PREDSTAVNICI KU\u0106E NADE U SKUP\u0160TINI \u017dP"},"content":{"rendered":"<p><a href=\"https:\/\/skupstinazp.ba\/new\/wp-content\/uploads\/2013\/03\/05032013571.jpg\"><img loading=\"lazy\" decoding=\"async\" class=\"aligncenter size-medium wp-image-1115\" title=\"05032013571\" src=\"http:\/\/skupstinazp.ba\/1\/wp-content\/uploads\/2013\/03\/05032013571-300x225.jpg\" alt=\"\" width=\"300\" height=\"225\" srcset=\"https:\/\/skupstinazp.ba\/new\/wp-content\/uploads\/2013\/03\/05032013571-300x225.jpg 300w, https:\/\/skupstinazp.ba\/new\/wp-content\/uploads\/2013\/03\/05032013571-1024x768.jpg 1024w, https:\/\/skupstinazp.ba\/new\/wp-content\/uploads\/2013\/03\/05032013571-768x576.jpg 768w, https:\/\/skupstinazp.ba\/new\/wp-content\/uploads\/2013\/03\/05032013571-1536x1152.jpg 1536w, https:\/\/skupstinazp.ba\/new\/wp-content\/uploads\/2013\/03\/05032013571-2048x1536.jpg 2048w, https:\/\/skupstinazp.ba\/new\/wp-content\/uploads\/2013\/03\/05032013571-1568x1176.jpg 1568w\" sizes=\"auto, (max-width: 300px) 100vw, 300px\" \/><\/a>DOMALJEVAC- U sklopu svojih aktivnosti, predstavnici Ku\u0107e nade iz Od\u017eaka, su posjetili Skup\u0161tinu \u017dupanije posavske. <!--more Pro\u010ditaj vi\u0161e --> Tijekom posjeta imali su prigode vidjeti na koji na\u010din radi zakonodavno tijelo \u017dupanije posavske. Skup\u0161tinski zastupnici koji su se javljali za rije\u010d tijekom njigova boravka u Domaljevcu pozdravili su ih za skup\u0161tinskom govornicom, a postavljeno je i nekoliko pitanja i inicijativa, glede Akcionog plana kojeg predstavnici Ku\u0107e nade s jo\u0161 dvije organizacije iz Ora\u0161ja pripremaju kada se radi o odnosu aktualnih vlasti prema invalidnim osobama. Prvenstveno se to odnosi na prilaze institucijama, kao i rje\u0161evanje drugih problema koje invalidne osobe imaju, a koje bi se trebale rije\u0161iti, kako bi im \u017eivot bilo ne\u0161to lak\u0161i.<\/p>\n","protected":false},"excerpt":{"rendered":"<p>DOMALJEVAC- U sklopu svojih aktivnosti, predstavnici Ku\u0107e nade iz Od\u017eaka, su posjetili Skup\u0161tinu \u017dupanije posavske.<\/p>\n","protected":false},"author":2,"featured_media":0,"comment_status":"closed","ping_status":"closed","sticky":false,"template":"","format":"standard","meta":{"footnotes":""},"categories":[2],"tags":[],"class_list":["post-1109","post","type-post","status-publish","format-standard","hentry","category-novosti"],"_links":{"self":[{"href":"https:\/\/skupstinazp.ba\/new\/wp-json\/wp\/v2\/posts\/1109","targetHints":{"allow":["GET"]}}],"collection":[{"href":"https:\/\/skupstinazp.ba\/new\/wp-json\/wp\/v2\/posts"}],"about":[{"href":"https:\/\/skupstinazp.ba\/new\/wp-json\/wp\/v2\/types\/post"}],"author":[{"embeddable":true,"href":"https:\/\/skupstinazp.ba\/new\/wp-json\/wp\/v2\/users\/2"}],"replies":[{"embeddable":true,"href":"https:\/\/skupstinazp.ba\/new\/wp-json\/wp\/v2\/comments?post=1109"}],"version-history":[{"count":0,"href":"https:\/\/skupstinazp.ba\/new\/wp-json\/wp\/v2\/posts\/1109\/revisions"}],"wp:attachment":[{"href":"https:\/\/skupstinazp.ba\/new\/wp-json\/wp\/v2\/media?parent=1109"}],"wp:term":[{"taxonomy":"category","embeddable":true,"href":"https:\/\/skupstinazp.ba\/new\/wp-json\/wp\/v2\/categories?post=1109"},{"taxonomy":"post_tag","embeddable":true,"href":"https:\/\/skupstinazp.ba\/new\/wp-json\/wp\/v2\/tags?post=1109"}],"curies":[{"name":"wp","href":"https:\/\/api.w.org\/{rel}","templated":true}]}}