{"id":1197,"date":"2013-04-17T05:32:42","date_gmt":"2013-04-17T05:32:42","guid":{"rendered":"http:\/\/skupstinazp.ba\/?p=1197"},"modified":"2013-04-17T05:32:42","modified_gmt":"2013-04-17T05:32:42","slug":"posavska-vecer-u-mostaru","status":"publish","type":"post","link":"https:\/\/skupstinazp.ba\/new\/posavska-vecer-u-mostaru\/","title":{"rendered":"POSAVSKA VE\u010cER U MOSTARU"},"content":{"rendered":"<p style=\"text-align: justify;\"><a href=\"https:\/\/skupstinazp.ba\/new\/wp-content\/uploads\/2013\/04\/sajam_2013-06.jpg\"><img loading=\"lazy\" decoding=\"async\" class=\"aligncenter size-medium wp-image-1198\" alt=\"sajam_2013 06\" src=\"http:\/\/skupstinazp.ba\/1\/wp-content\/uploads\/2013\/04\/sajam_2013-06-300x183.jpg\" width=\"300\" height=\"183\" srcset=\"https:\/\/skupstinazp.ba\/new\/wp-content\/uploads\/2013\/04\/sajam_2013-06-300x183.jpg 300w, https:\/\/skupstinazp.ba\/new\/wp-content\/uploads\/2013\/04\/sajam_2013-06-768x469.jpg 768w, https:\/\/skupstinazp.ba\/new\/wp-content\/uploads\/2013\/04\/sajam_2013-06.jpg 800w\" sizes=\"auto, (max-width: 300px) 100vw, 300px\" \/><\/a>MOSTAR\/DOMALJEVAC &#8211;\u00a0U sklopu Me\u0111unarodnog sajma gospodarstva Mostar 2013. odr\u017eana je Posavska ve\u010der u Mostaru na kojoj su kroz razli\u010dite sadr\u017eaje predstavljeni obi\u010daji, kultura i tradicija Bosanske Posavine. Posavska ve\u010der odr\u017eana je pod pokroviteljstvom \u017dupanije Posavske, Br\u010dko Distrikta, Op\u0107ina Domaljevac-\u0160amac, Od\u017eak i Ora\u0161je. Na Posavskoj ve\u010deri bili su i zastupnici Skup\u0161tine \u017dupanije posavske predvo\u0111eni predsjednikom i dopredsjednikom prof. Mariom Jurki\u0107em i Anesom Osmanovi\u0107em. U ime organizatora nazo\u010dnima se obratio predsjednik Vlade \u017dupanije Posavske magistar Marijan Or\u0161oli\u0107 i izaslanica gradona\u010delnika Br\u010dko Distrikta BiH Delfa Dejanovi\u0107. Gostima su slu\u017eene posavske gurmanske delicije: kulen, \u010dvarci, domaljeva\u010dke sarme, \u010dobanac, pe\u010denje i posavski kola\u010di, a izvorne posavske pjesme i plesove izveli su KUD Kralj Tomislav iz Tolise i KUD Gornja Skakava 06 iz Gornje Skakve. Dvije pjesme recitirao je najpoznatiji hrvatski glumac iz Posavine Ivo Gregurevi\u0107, a za zabavu u ostatku<br \/>\nve\u010deri pobrinuo se posavski band Drale i Ra\u0161\u010dica.<\/p>\n","protected":false},"excerpt":{"rendered":"<p>MOSTAR\/DOMALJEVAC &#8211;\u00a0U sklopu Me\u0111unarodnog sajma gospodarstva Mostar 2013. odr\u017eana je Posavska ve\u010der u Mostaru na kojoj su kroz razli\u010dite sadr\u017eaje predstavljeni obi\u010daji, kultura i tradicija Bosanske Posavine. Posavska ve\u010der odr\u017eana je pod pokroviteljstvom \u017dupanije Posavske, Br\u010dko Distrikta, Op\u0107ina Domaljevac-\u0160amac, Od\u017eak i Ora\u0161je. Na Posavskoj ve\u010deri bili su i zastupnici Skup\u0161tine \u017dupanije posavske predvo\u0111eni predsjednikom i &hellip;<br \/><a href=\"https:\/\/skupstinazp.ba\/new\/posavska-vecer-u-mostaru\/\" class=\"more-link pen_button pen_element_default pen_icon_arrow_double\">Nastavite \u010ditati <span class=\"screen-reader-text\">POSAVSKA VE\u010cER U MOSTARU<\/span><\/a><\/p>\n","protected":false},"author":2,"featured_media":1408,"comment_status":"closed","ping_status":"closed","sticky":false,"template":"","format":"standard","meta":{"footnotes":""},"categories":[2],"tags":[],"class_list":["post-1197","post","type-post","status-publish","format-standard","has-post-thumbnail","hentry","category-novosti"],"_links":{"self":[{"href":"https:\/\/skupstinazp.ba\/new\/wp-json\/wp\/v2\/posts\/1197","targetHints":{"allow":["GET"]}}],"collection":[{"href":"https:\/\/skupstinazp.ba\/new\/wp-json\/wp\/v2\/posts"}],"about":[{"href":"https:\/\/skupstinazp.ba\/new\/wp-json\/wp\/v2\/types\/post"}],"author":[{"embeddable":true,"href":"https:\/\/skupstinazp.ba\/new\/wp-json\/wp\/v2\/users\/2"}],"replies":[{"embeddable":true,"href":"https:\/\/skupstinazp.ba\/new\/wp-json\/wp\/v2\/comments?post=1197"}],"version-history":[{"count":0,"href":"https:\/\/skupstinazp.ba\/new\/wp-json\/wp\/v2\/posts\/1197\/revisions"}],"wp:featuredmedia":[{"embeddable":true,"href":"https:\/\/skupstinazp.ba\/new\/wp-json\/wp\/v2\/media\/1408"}],"wp:attachment":[{"href":"https:\/\/skupstinazp.ba\/new\/wp-json\/wp\/v2\/media?parent=1197"}],"wp:term":[{"taxonomy":"category","embeddable":true,"href":"https:\/\/skupstinazp.ba\/new\/wp-json\/wp\/v2\/categories?post=1197"},{"taxonomy":"post_tag","embeddable":true,"href":"https:\/\/skupstinazp.ba\/new\/wp-json\/wp\/v2\/tags?post=1197"}],"curies":[{"name":"wp","href":"https:\/\/api.w.org\/{rel}","templated":true}]}}