{"id":1203,"date":"2013-04-18T06:47:24","date_gmt":"2013-04-18T06:47:24","guid":{"rendered":"http:\/\/skupstinazp.ba\/?p=1203"},"modified":"2013-04-18T06:47:24","modified_gmt":"2013-04-18T06:47:24","slug":"1203","status":"publish","type":"post","link":"https:\/\/skupstinazp.ba\/new\/1203\/","title":{"rendered":"POSJET ZAPADNOHERCEGOVA\u010cKOJ \u017dUPANIJI"},"content":{"rendered":"<p style=\"text-align: justify;\"><a href=\"https:\/\/skupstinazp.ba\/new\/wp-content\/uploads\/2013\/04\/POSJET-ZHZ-IZ-ZP-e1366843797817.jpg\"><img loading=\"lazy\" decoding=\"async\" class=\"aligncenter size-medium wp-image-1204\" alt=\"POSJET ZHZ IZ ZP\" src=\"http:\/\/skupstinazp.ba\/1\/wp-content\/uploads\/2013\/04\/POSJET-ZHZ-IZ-ZP-300x229.jpg\" width=\"300\" height=\"229\" \/><\/a>DOMALJEVAC &#8211; U organizaciji Misije OESS\u2013a terenskih ureda Bijeljina i Mostar \u00a0predsjednik i dopredsjednik Skup\u0161tine \u017dupanije Posavske prof. Mario Jurki\u0107 i Anes Osmanovi\u0107 s djelatnicama Stru\u010dne slu\u017ebe Skup\u0161tine Lucijom Mati\u0107 i Mandicom \u0160pionjak posjetili su predstavnike zakonodavne vlasti Zapadnohercegova\u010dke \u017eupanije. Do\u010dekao ih je Ante Mi\u0161eti\u0107, predsjednik Skup\u0161tine Zapadnohercegova\u010dke \u017eupanije sa svojim najbli\u017eim suradnicima, te zastupnik Dario Knezovi\u0107. Razgovaralo se o radu dva zakonodavna tijela. Posebno je bilo rije\u010di o prora\u010dunima, koje su parlamenti u Domaljevcu i \u0160irokom Brijegu usvojili ovih dana, u svjetlu smanjenja prihoda i problema dobivanja sredstava s vi\u0161ih razina vlasti. Osim toga razgovaralo se o ustroju dvaju podru\u010dja, organizaciji rada u zakonodavnom tijelu, te o brojnim drugim problemima koja ova dva podru\u010dja imaju. \u201eJako sam zadovoljan ovom posjetom, razmjenom informacija, iskustava i dobrih ideja koje \u0107emo nadam se obostrano, iskoristiti kako bi \u0161to jo\u0161 vi\u0161e podigli kvalitet na\u0161ih skup\u0161tina\u201c, kazao je predsjednik Jurki\u0107. Dopredsjednik Osmanovi\u0107 je tako\u0111er izrazio zadovoljstvo ovom posjetom i zahvalnost misiji OSCE-a na organizaciji ovog sastanka. Predstavnici \u017dupanije Posavske pozvali su doma\u0107ine u uzvratni posjet \u017dupaniji Posavskoj.<\/p>\n","protected":false},"excerpt":{"rendered":"<p>DOMALJEVAC &#8211; U organizaciji Misije OESS\u2013a terenskih ureda Bijeljina i Mostar \u00a0predsjednik i dopredsjednik Skup\u0161tine \u017dupanije Posavske prof. Mario Jurki\u0107 i Anes Osmanovi\u0107 s djelatnicama Stru\u010dne slu\u017ebe Skup\u0161tine Lucijom Mati\u0107 i Mandicom \u0160pionjak posjetili su predstavnike zakonodavne vlasti Zapadnohercegova\u010dke \u017eupanije. Do\u010dekao ih je Ante Mi\u0161eti\u0107, predsjednik Skup\u0161tine Zapadnohercegova\u010dke \u017eupanije sa svojim najbli\u017eim suradnicima, te zastupnik &hellip;<br \/><a href=\"https:\/\/skupstinazp.ba\/new\/1203\/\" class=\"more-link pen_button pen_element_default pen_icon_arrow_double\">Nastavite \u010ditati <span class=\"screen-reader-text\">POSJET ZAPADNOHERCEGOVA\u010cKOJ \u017dUPANIJI<\/span><\/a><\/p>\n","protected":false},"author":2,"featured_media":1204,"comment_status":"closed","ping_status":"closed","sticky":false,"template":"","format":"standard","meta":{"footnotes":""},"categories":[2],"tags":[],"class_list":["post-1203","post","type-post","status-publish","format-standard","has-post-thumbnail","hentry","category-novosti"],"_links":{"self":[{"href":"https:\/\/skupstinazp.ba\/new\/wp-json\/wp\/v2\/posts\/1203","targetHints":{"allow":["GET"]}}],"collection":[{"href":"https:\/\/skupstinazp.ba\/new\/wp-json\/wp\/v2\/posts"}],"about":[{"href":"https:\/\/skupstinazp.ba\/new\/wp-json\/wp\/v2\/types\/post"}],"author":[{"embeddable":true,"href":"https:\/\/skupstinazp.ba\/new\/wp-json\/wp\/v2\/users\/2"}],"replies":[{"embeddable":true,"href":"https:\/\/skupstinazp.ba\/new\/wp-json\/wp\/v2\/comments?post=1203"}],"version-history":[{"count":0,"href":"https:\/\/skupstinazp.ba\/new\/wp-json\/wp\/v2\/posts\/1203\/revisions"}],"wp:featuredmedia":[{"embeddable":true,"href":"https:\/\/skupstinazp.ba\/new\/wp-json\/wp\/v2\/media\/1204"}],"wp:attachment":[{"href":"https:\/\/skupstinazp.ba\/new\/wp-json\/wp\/v2\/media?parent=1203"}],"wp:term":[{"taxonomy":"category","embeddable":true,"href":"https:\/\/skupstinazp.ba\/new\/wp-json\/wp\/v2\/categories?post=1203"},{"taxonomy":"post_tag","embeddable":true,"href":"https:\/\/skupstinazp.ba\/new\/wp-json\/wp\/v2\/tags?post=1203"}],"curies":[{"name":"wp","href":"https:\/\/api.w.org\/{rel}","templated":true}]}}