{"id":1212,"date":"2013-04-18T16:30:23","date_gmt":"2013-04-18T16:30:23","guid":{"rendered":"http:\/\/skupstinazp.ba\/?p=1212"},"modified":"2013-04-18T16:30:23","modified_gmt":"2013-04-18T16:30:23","slug":"obljetnice-hvo-a-u-posavini","status":"publish","type":"post","link":"https:\/\/skupstinazp.ba\/new\/obljetnice-hvo-a-u-posavini\/","title":{"rendered":"OBLJETNICE HVO-a U POSAVINI"},"content":{"rendered":"<p style=\"text-align: justify;\"><a href=\"https:\/\/skupstinazp.ba\/new\/wp-content\/uploads\/2013\/04\/POLAGANJE-VIJENACA-102-BRIGADA-e1366843466885.jpg\"><img loading=\"lazy\" decoding=\"async\" class=\"aligncenter size-medium wp-image-1213\" alt=\"POLAGANJE VIJENACA 102 BRIGADA\" src=\"http:\/\/skupstinazp.ba\/1\/wp-content\/uploads\/2013\/04\/POLAGANJE-VIJENACA-102-BRIGADA-300x200.jpg\" width=\"300\" height=\"200\" \/><\/a>OD\u017dAK\/DOMALJEVAC &#8211; Predstavnici Skup\u0161tine \u017dupanije posavske prof. Mario Jurki\u0107 i dopredsjednik Anes Osmanovi\u0107 boravili su u Domaljevcu i Od\u017eaku, kako bi se poklonili i odali du\u017enu po\u0161tu stradalima u Domovinskom ratu iz sastava 104 \u0161ama\u010dke i 102 od\u017ea\u010dke brigade HVO-a. Izaslanstvo Skup\u0161tine\u00a0\u017dupanije Posavske predvo\u0111eno dopredsjednikom Anesom Osmanovi\u0107em polo\u017eilo vijenac te odalo po\u010dast poginulim braniteljima 102.od\u017ea\u010dke HVO brigade povodom obljetnice ove slavne postrojbe. \u201eOd\u017ea\u010dka brigada je zasigurno jedna od brigada koje su najvi\u0161e dale u odbrani Posavine. \u017drtve su na \u017ealost velike, dosta branitelja je polo\u017eilo ono najvrjednije, svoj \u017eivot za vrijeme ratnih godina. Bez tih ljudi nikada se ne bi vratili na svoja ognji\u0161ta, ne smijemo ih nikada zaboraviti. Svi moramo ulo\u017eiti dodatni napor kako bi\u00a0 pre\u017eivjelim braniteljima osigurali bolji status i kako bi se osje\u0107ali dijelom onoga za \u0161to su se borili kroz ratne godine\u201c,\u00a0 kazao je dopredsjednik Osmanovi\u0107.<\/p>\n<p style=\"text-align: justify;\">Predsjednik Skup\u0161tine \u017dupanije posavske prof. Mario Jurki\u0107 nazo\u010dio je sve\u0107anosti obilje\u017eavanje obljetnice osnutka 104. brigade Bosanski \u0160amac u Domaljevcu. On je u izjavi za medije kazao kako je po\u010delo obilje\u017eavanje obljetnica osnutka HVO-a na podru\u010dju cijele BiH. \u201eNedavno smo u Bukovoj Gredi kod Ora\u0161ja bili na sve\u0107anosti obilje\u017eavanja HVO-a za cijelu BiH, danas smo u Domaljevcu. Sutra \u0107emo i\u0107i tragom osnutka postrojbi HVO-a i na druga podru\u010dja. Ovom prigodom \u017eelim izraziti svoje iskrene \u010destitke svim pripadnicima HVO-a, koji su od osnutka do konca rata pokazali vrijednosti pravog<br \/>\ndomoljuba, brane\u0107i svoj dom\u201c, kazao je Jurki\u0107.<\/p>\n","protected":false},"excerpt":{"rendered":"<p>OD\u017dAK\/DOMALJEVAC &#8211; Predstavnici Skup\u0161tine \u017dupanije posavske prof. Mario Jurki\u0107 i dopredsjednik Anes Osmanovi\u0107 boravili su u Domaljevcu i Od\u017eaku, kako bi se poklonili i odali du\u017enu po\u0161tu stradalima u Domovinskom ratu iz sastava 104 \u0161ama\u010dke i 102 od\u017ea\u010dke brigade HVO-a. Izaslanstvo Skup\u0161tine\u00a0\u017dupanije Posavske predvo\u0111eno dopredsjednikom Anesom Osmanovi\u0107em polo\u017eilo vijenac te odalo po\u010dast poginulim braniteljima 102.od\u017ea\u010dke &hellip;<br \/><a href=\"https:\/\/skupstinazp.ba\/new\/obljetnice-hvo-a-u-posavini\/\" class=\"more-link pen_button pen_element_default pen_icon_arrow_double\">Nastavite \u010ditati <span class=\"screen-reader-text\">OBLJETNICE HVO-a U POSAVINI<\/span><\/a><\/p>\n","protected":false},"author":2,"featured_media":1213,"comment_status":"closed","ping_status":"closed","sticky":false,"template":"","format":"standard","meta":{"footnotes":""},"categories":[2],"tags":[],"class_list":["post-1212","post","type-post","status-publish","format-standard","has-post-thumbnail","hentry","category-novosti"],"_links":{"self":[{"href":"https:\/\/skupstinazp.ba\/new\/wp-json\/wp\/v2\/posts\/1212","targetHints":{"allow":["GET"]}}],"collection":[{"href":"https:\/\/skupstinazp.ba\/new\/wp-json\/wp\/v2\/posts"}],"about":[{"href":"https:\/\/skupstinazp.ba\/new\/wp-json\/wp\/v2\/types\/post"}],"author":[{"embeddable":true,"href":"https:\/\/skupstinazp.ba\/new\/wp-json\/wp\/v2\/users\/2"}],"replies":[{"embeddable":true,"href":"https:\/\/skupstinazp.ba\/new\/wp-json\/wp\/v2\/comments?post=1212"}],"version-history":[{"count":0,"href":"https:\/\/skupstinazp.ba\/new\/wp-json\/wp\/v2\/posts\/1212\/revisions"}],"wp:featuredmedia":[{"embeddable":true,"href":"https:\/\/skupstinazp.ba\/new\/wp-json\/wp\/v2\/media\/1213"}],"wp:attachment":[{"href":"https:\/\/skupstinazp.ba\/new\/wp-json\/wp\/v2\/media?parent=1212"}],"wp:term":[{"taxonomy":"category","embeddable":true,"href":"https:\/\/skupstinazp.ba\/new\/wp-json\/wp\/v2\/categories?post=1212"},{"taxonomy":"post_tag","embeddable":true,"href":"https:\/\/skupstinazp.ba\/new\/wp-json\/wp\/v2\/tags?post=1212"}],"curies":[{"name":"wp","href":"https:\/\/api.w.org\/{rel}","templated":true}]}}