{"id":1215,"date":"2013-04-18T16:37:14","date_gmt":"2013-04-18T16:37:14","guid":{"rendered":"http:\/\/skupstinazp.ba\/?p=1215"},"modified":"2013-04-18T16:37:14","modified_gmt":"2013-04-18T16:37:14","slug":"smotra-sveucilista-mostar-u-orasju","status":"publish","type":"post","link":"https:\/\/skupstinazp.ba\/new\/smotra-sveucilista-mostar-u-orasju\/","title":{"rendered":"SMOTRA SVEU\u010cILI\u0160TA MOSTAR U ORA\u0160JU"},"content":{"rendered":"<p style=\"text-align: justify;\"><a href=\"https:\/\/skupstinazp.ba\/new\/wp-content\/uploads\/2013\/04\/smotra-sveucilista-u-orasju-2.jpg\"><img loading=\"lazy\" decoding=\"async\" class=\"aligncenter size-medium wp-image-1218\" alt=\"smotra sveucilista u orasju 2\" src=\"http:\/\/skupstinazp.ba\/1\/wp-content\/uploads\/2013\/04\/smotra-sveucilista-u-orasju-2-300x240.jpg\" width=\"300\" height=\"240\" srcset=\"https:\/\/skupstinazp.ba\/new\/wp-content\/uploads\/2013\/04\/smotra-sveucilista-u-orasju-2-300x240.jpg 300w, https:\/\/skupstinazp.ba\/new\/wp-content\/uploads\/2013\/04\/smotra-sveucilista-u-orasju-2.jpg 720w\" sizes=\"auto, (max-width: 300px) 100vw, 300px\" \/><\/a>ORA\u0160JE &#8211; Sveu\u010dili\u0161te u Mostaru, u suradnji s ministarstvom prosvjete, znanosti, kulture i sporta \u017dupanije posavske, organiziralo je smotru Sveu\u010dili\u0161ta Mostar za budu\u0107e studente. Smotri je bio nazo\u010dan i predsjednik Skup\u0161tine \u017dupanije posavske prof. Mario Jurki\u0107. Smotra je dio plana da se maturantima i drugim zainteresiranim pribli\u017ee programi rada Sveu\u010dili\u0161ta Mostar na ukupno 11 fakulteta u Mostaru, te \u010detiri u \u017dupaniji posavskoj, Dislociranom centru Ora\u0161je. Smotra se odr\u017eala u prostorijama nove Srednje \u0161kole fra Martin Nedi\u0107, u kojoj Sveu\u010dili\u0161te ima svoj namjenski prostor u Centru studiranja. Na smotri se u\u010denicima zavr\u0161nih razreda srednjih \u0161kola i svim zainteresiranim osobama predstaviti Sveu\u010dili\u0161te, fakulteti, Akademija likovnih umjetnosti, Studentski centar i Studentski zbor.<\/p>\n<p style=\"text-align: justify;\"><a href=\"https:\/\/skupstinazp.ba\/new\/wp-content\/uploads\/2013\/04\/smotra-sveucilista-u-orasju.jpg\"><img loading=\"lazy\" decoding=\"async\" class=\"aligncenter size-medium wp-image-1219\" alt=\"smotra sveucilista u orasju\" src=\"http:\/\/skupstinazp.ba\/1\/wp-content\/uploads\/2013\/04\/smotra-sveucilista-u-orasju-300x240.jpg\" width=\"300\" height=\"240\" srcset=\"https:\/\/skupstinazp.ba\/new\/wp-content\/uploads\/2013\/04\/smotra-sveucilista-u-orasju-300x240.jpg 300w, https:\/\/skupstinazp.ba\/new\/wp-content\/uploads\/2013\/04\/smotra-sveucilista-u-orasju.jpg 720w\" sizes=\"auto, (max-width: 300px) 100vw, 300px\" \/><\/a>Vlado Majstorovi\u0107, rektor Sveu\u010dili\u0161ta Mostar sa suradnicima u Ora\u0161ju, prostoru Srednje \u0161kole fra Martina Nedi\u0107a nazo\u010dio je smotri Sveu\u010dili\u0161ta.\u00a0Rektor Majstorovi\u0107 se obratio u amfiteatru Centra za studiranje Ora\u0161je, maturantima i ostalim zainteresiranim za akademski ciklus Sveu\u010dili\u0161ta Mostar u Dislociranom centru u Ora\u0161ju. On je kazao kako je obrazovanje najva\u017enija stvar u \u017eivotu, te pozvao mlade da se nastave \u0161kolovati. &#8220;Sveu\u010dili\u0161te Mostar&#8221; ima jako dobru suradnju s drugim visoko\u0161kolskim ustanovama u BiH i RH, ali i u \u0161irem regionu. \u017delja mi je da svi vi koji zavr\u0161ite fakultet dobijete posao za koji ste se \u0161kolovali i nadam se da \u0107e se situacija znatno promijeniti u BiH, ali i okru\u017eenju dok vi budete okon\u010dali svoje studije&#8221;, kazao je rektor Majstorovi\u0107. Ora\u0161je je nazvao mini univerzitetskim gradom, jer broj studenata u Dislociranom centru i broj fakulteta, te studijskih grupa nije mali. Mladima se obratio i ministar prosvjete, znanosti, kulture i sporta \u017dupanije posavske kazav\u0161i kako se u Ora\u0161ju \u0161koluje oko 1.700 studenata, na \u010detiri fakulteta. Maturanti su potom u holu svoje \u0161kole obi\u0161li punktove svih fakulteta, dobili Vodi\u0107 za mlade studente i bro\u0161urice o svakom pojedina\u010dnom studiju za koji su zainteresirani.<\/p>\n","protected":false},"excerpt":{"rendered":"<p>ORA\u0160JE &#8211; Sveu\u010dili\u0161te u Mostaru, u suradnji s ministarstvom prosvjete, znanosti, kulture i sporta \u017dupanije posavske, organiziralo je smotru Sveu\u010dili\u0161ta Mostar za budu\u0107e studente. Smotri je bio nazo\u010dan i predsjednik Skup\u0161tine \u017dupanije posavske prof. Mario Jurki\u0107. Smotra je dio plana da se maturantima i drugim zainteresiranim pribli\u017ee programi rada Sveu\u010dili\u0161ta Mostar na ukupno 11 fakulteta &hellip;<br \/><a href=\"https:\/\/skupstinazp.ba\/new\/smotra-sveucilista-mostar-u-orasju\/\" class=\"more-link pen_button pen_element_default pen_icon_arrow_double\">Nastavite \u010ditati <span class=\"screen-reader-text\">SMOTRA SVEU\u010cILI\u0160TA MOSTAR U ORA\u0160JU<\/span><\/a><\/p>\n","protected":false},"author":2,"featured_media":1218,"comment_status":"closed","ping_status":"closed","sticky":false,"template":"","format":"standard","meta":{"footnotes":""},"categories":[2],"tags":[],"class_list":["post-1215","post","type-post","status-publish","format-standard","has-post-thumbnail","hentry","category-novosti"],"_links":{"self":[{"href":"https:\/\/skupstinazp.ba\/new\/wp-json\/wp\/v2\/posts\/1215","targetHints":{"allow":["GET"]}}],"collection":[{"href":"https:\/\/skupstinazp.ba\/new\/wp-json\/wp\/v2\/posts"}],"about":[{"href":"https:\/\/skupstinazp.ba\/new\/wp-json\/wp\/v2\/types\/post"}],"author":[{"embeddable":true,"href":"https:\/\/skupstinazp.ba\/new\/wp-json\/wp\/v2\/users\/2"}],"replies":[{"embeddable":true,"href":"https:\/\/skupstinazp.ba\/new\/wp-json\/wp\/v2\/comments?post=1215"}],"version-history":[{"count":0,"href":"https:\/\/skupstinazp.ba\/new\/wp-json\/wp\/v2\/posts\/1215\/revisions"}],"wp:featuredmedia":[{"embeddable":true,"href":"https:\/\/skupstinazp.ba\/new\/wp-json\/wp\/v2\/media\/1218"}],"wp:attachment":[{"href":"https:\/\/skupstinazp.ba\/new\/wp-json\/wp\/v2\/media?parent=1215"}],"wp:term":[{"taxonomy":"category","embeddable":true,"href":"https:\/\/skupstinazp.ba\/new\/wp-json\/wp\/v2\/categories?post=1215"},{"taxonomy":"post_tag","embeddable":true,"href":"https:\/\/skupstinazp.ba\/new\/wp-json\/wp\/v2\/tags?post=1215"}],"curies":[{"name":"wp","href":"https:\/\/api.w.org\/{rel}","templated":true}]}}