{"id":2435,"date":"2014-06-24T06:55:32","date_gmt":"2014-06-24T06:55:32","guid":{"rendered":"http:\/\/skupstinazp.ba\/1\/?p=2435"},"modified":"2014-06-24T06:55:32","modified_gmt":"2014-06-24T06:55:32","slug":"zupani-brodsko-posavski-i-vukovarsko-srijemski-u-orasju","status":"publish","type":"post","link":"https:\/\/skupstinazp.ba\/new\/zupani-brodsko-posavski-i-vukovarsko-srijemski-u-orasju\/","title":{"rendered":"\u017dUPANI BRODSKO POSAVSKI I VUKOVARSKO SRIJEMSKI U ORA\u0160JU"},"content":{"rendered":"<p align=\"left\">ORA\u0160JE, 23. lipnja 2014. godine U zgradi Vlade \u017dupanije Posavske u Ora\u0161ju odr\u017ean je sastanak predsjednika Skup\u0161tine \u017dP prof. Marija Jurki\u0107a i predsjednika Vlade \u017dP mr. sc. Marijana Or\u0161oli\u0107a sa \u017eupanom Vukovarsko-srijemske \u017eupanije Bo\u017eom Gali\u0107em i \u017eupanom Brodsko-posavske \u017eupanije Danijelom Maru\u0161i\u0107em. Na sastanku se razgovaralo o poplavljenim podru\u010djima, \u0161tetama, sanaciji i zajedni\u010dkim projektima kojima bi se sprije\u010dile prirodne katastrofe kakva je poplava.<\/p>\n<p align=\"left\">&#8220;Do\u0161ao sam danas s kolegom iz Broda u posjetu \u017dupaniji Posavskoj da vidim probleme s kojima se ovdje susre\u0107u nakon katastrofalnih poplava. Koliko sam informiram ovdje su \u0161tete jo\u0161 ve\u0107e. Na\u0161a suradnja se i ranije ostvarivala, pa tako smo i danas dogovarali smjerove suradnje i na koji na\u010din mo\u017eemo jedni drugima pomo\u0107i u rje\u0161avanju zajedni\u010dkih problema. Razgovarali smo o na\u010dinima sanacije, a isto tako i realizacije zajedni\u010dkih projekata, razgovarali smo o temama vezanim za regulaciju rijeke Save i izgradnji kanala Dunav-Sava kroz europske fondove&#8221;, kazao je Bo\u017eo Gali\u0107 \u017eupan Vukovarsko-srijemske \u017eupanije.<\/p>\n<p>&#8220;\u017dupanija posavska, Vukovarsko-srijemska i Brodsko-posavska dijele istu sudbinu i nas Sava povezuje, ali ove godine na\u017ealost imali smo jednu katastrofalnu poplavu. U Brodsko-posavskoj \u017eupaniji smo se uspjeli obraniti i imamo dalekom manje \u0161tete nego \u0161to imaju u Vukovarsko-srijemskoj \u017eupaniji ili ovdje u \u017dupaniji Posavskoj. Nas zanima naravno i sanacija ovih podru\u010dja i njena budu\u0107nost. Evo kolega je govorio o nekim budu\u0107im projektima koji bi sprije\u010dili ovakve katastrofe, a sigurno jedan od projekata je kanal Dunav-Sava. Mi se u Hrvatskoj kao \u017eupani borimo da taj kanal u\u0111e u kapitalne projekte, zna\u010di neke primarne projekte u Republici Hrvatskoj. Sigurno da bi se s tim kanalom dijelom rije\u0161io problem poplava ovdje \u017dupaniji Posavskoj, tako da sam siguran da je to jedan primarni projekt sa obje strane rijeke Save pored toga \u0161to naravno takav projekt ima i gospodarsku svrhu&#8221;, izjavio je Danijel Maru\u0161i\u0107 \u017eupan Brodsko-posavske \u017eupanije.<\/p>\n<p>Predsjednik Skup\u0161tine Jurki\u0107 napomenuo je kako je mjesto Domaljevac, u kojem se nalazi zgrada Skup\u0161tine \u017dP bilo poplavljeno. \u201eZgrada Skup\u0161tine je poplavljena i spa\u0161avali smo opremu i dokumente. Nismo uspjeli sve izvu\u0107i, a ono \u0161to smo izvukli djelom je suho, a djelom je bilo u vodi. Stradao nam je namje\u0161taj u prizemlju\u201c, kazao je predsjednik Jurki\u0107 na sastanku s dvojicom \u017eupana.<\/p>\n<p>Predsjednik Vlade \u017dP mr. sc. Marijan Or\u0161oli\u0107 izrazio je zadovoljstvo prijemom \u017eupana susjednih \u017eupanija iz Republike Hrvatske i dosada\u0161njom suradnjom sa Vukovarsko-srijemskom i Brodsko-posavskom \u017eupanijom. Podr\u017eao je sudjelovanje u zajedni\u010dkim projektima prekograni\u010dne suradnje, te osobito naglasio veliki zna\u010daj projekta Dunav- Sava kojim bi se podru\u010dja s lijeve i desne obale rijeke Save spasila od prirodnih katastrofa kakve su poplave. (www.zupanijaposavska.ba\/www.skupstinazp.ba)<\/p>\n","protected":false},"excerpt":{"rendered":"<p>ORA\u0160JE, 23. lipnja 2014. godine U zgradi Vlade \u017dupanije Posavske u Ora\u0161ju odr\u017ean je sastanak predsjednika Skup\u0161tine \u017dP prof. Marija Jurki\u0107a i predsjednika Vlade \u017dP mr. sc. Marijana Or\u0161oli\u0107a sa \u017eupanom Vukovarsko-srijemske \u017eupanije Bo\u017eom Gali\u0107em i \u017eupanom Brodsko-posavske \u017eupanije Danijelom Maru\u0161i\u0107em. Na sastanku se razgovaralo o poplavljenim podru\u010djima, \u0161tetama, sanaciji i zajedni\u010dkim projektima kojima bi &hellip;<br \/><a href=\"https:\/\/skupstinazp.ba\/new\/zupani-brodsko-posavski-i-vukovarsko-srijemski-u-orasju\/\" class=\"more-link pen_button pen_element_default pen_icon_arrow_double\">Nastavite \u010ditati <span class=\"screen-reader-text\">\u017dUPANI BRODSKO POSAVSKI I VUKOVARSKO SRIJEMSKI U ORA\u0160JU<\/span><\/a><\/p>\n","protected":false},"author":2,"featured_media":2436,"comment_status":"closed","ping_status":"closed","sticky":false,"template":"","format":"standard","meta":{"footnotes":""},"categories":[2],"tags":[],"class_list":["post-2435","post","type-post","status-publish","format-standard","has-post-thumbnail","hentry","category-novosti"],"_links":{"self":[{"href":"https:\/\/skupstinazp.ba\/new\/wp-json\/wp\/v2\/posts\/2435","targetHints":{"allow":["GET"]}}],"collection":[{"href":"https:\/\/skupstinazp.ba\/new\/wp-json\/wp\/v2\/posts"}],"about":[{"href":"https:\/\/skupstinazp.ba\/new\/wp-json\/wp\/v2\/types\/post"}],"author":[{"embeddable":true,"href":"https:\/\/skupstinazp.ba\/new\/wp-json\/wp\/v2\/users\/2"}],"replies":[{"embeddable":true,"href":"https:\/\/skupstinazp.ba\/new\/wp-json\/wp\/v2\/comments?post=2435"}],"version-history":[{"count":0,"href":"https:\/\/skupstinazp.ba\/new\/wp-json\/wp\/v2\/posts\/2435\/revisions"}],"wp:featuredmedia":[{"embeddable":true,"href":"https:\/\/skupstinazp.ba\/new\/wp-json\/wp\/v2\/media\/2436"}],"wp:attachment":[{"href":"https:\/\/skupstinazp.ba\/new\/wp-json\/wp\/v2\/media?parent=2435"}],"wp:term":[{"taxonomy":"category","embeddable":true,"href":"https:\/\/skupstinazp.ba\/new\/wp-json\/wp\/v2\/categories?post=2435"},{"taxonomy":"post_tag","embeddable":true,"href":"https:\/\/skupstinazp.ba\/new\/wp-json\/wp\/v2\/tags?post=2435"}],"curies":[{"name":"wp","href":"https:\/\/api.w.org\/{rel}","templated":true}]}}