{"id":2469,"date":"2014-07-28T10:39:24","date_gmt":"2014-07-28T10:39:24","guid":{"rendered":"http:\/\/skupstinazp.ba\/1\/?p=2469"},"modified":"2014-07-28T10:39:24","modified_gmt":"2014-07-28T10:39:24","slug":"2469","status":"publish","type":"post","link":"https:\/\/skupstinazp.ba\/new\/2469\/","title":{"rendered":"\u010cESTITKA ZA RAMAZANSKI BAJRAM"},"content":{"rendered":"<h3><span style=\"font-family: Arial;\">U\u00a0 ime\u00a0zastupnika Skup\u0161tine \u017dupanije Posavske,\u00a0svoja osobna imena, svim\u00a0 vjernicima\u00a0 islamske vjeroispovijesti u \u017dupaniji Posavskoj upu\u0107ujemo \u010destitke povodom Ramazanskog Bajrama sa \u017eeljom\u00a0 da taj veliki\u00a0 praznik proslave\u00a0 u duhu tradicije i obi\u010daja, u miru i\u00a0 dobrom raspolo\u017eenju, dijele\u0107i\u00a0 radost Bajrama sa svojim najbli\u017eim, rodbinom, prijateljima i\u00a0 susjedima.<\/span><\/h3>\n<p>Predsjednik Skup\u0161tine:\u00a0\u00a0\u00a0\u00a0\u00a0\u00a0\u00a0\u00a0\u00a0\u00a0\u00a0\u00a0\u00a0\u00a0\u00a0\u00a0\u00a0\u00a0\u00a0\u00a0\u00a0\u00a0\u00a0\u00a0\u00a0\u00a0\u00a0\u00a0\u00a0\u00a0\u00a0\u00a0\u00a0\u00a0\u00a0\u00a0\u00a0\u00a0\u00a0\u00a0\u00a0\u00a0\u00a0\u00a0\u00a0\u00a0\u00a0\u00a0 Zamjenik predsjednika Skup\u0161tine:<\/p>\n<p>prof. Mario Jurki\u0107\u00a0\u00a0\u00a0\u00a0\u00a0\u00a0\u00a0\u00a0\u00a0\u00a0\u00a0\u00a0\u00a0\u00a0\u00a0\u00a0\u00a0\u00a0\u00a0\u00a0\u00a0\u00a0\u00a0\u00a0\u00a0\u00a0\u00a0\u00a0\u00a0\u00a0\u00a0\u00a0\u00a0\u00a0\u00a0\u00a0\u00a0\u00a0\u00a0\u00a0\u00a0\u00a0\u00a0\u00a0\u00a0\u00a0\u00a0\u00a0\u00a0\u00a0\u00a0\u00a0\u00a0\u00a0\u00a0\u00a0\u00a0 Anes Osmanovi\u0107<\/p>\n","protected":false},"excerpt":{"rendered":"<p>U\u00a0 ime\u00a0zastupnika Skup\u0161tine \u017dupanije Posavske,\u00a0svoja osobna imena, svim\u00a0 vjernicima\u00a0 islamske vjeroispovijesti u \u017dupaniji Posavskoj upu\u0107ujemo \u010destitke povodom Ramazanskog Bajrama sa \u017eeljom\u00a0 da taj veliki\u00a0 praznik proslave\u00a0 u duhu tradicije i obi\u010daja, u miru i\u00a0 dobrom raspolo\u017eenju, dijele\u0107i\u00a0 radost Bajrama sa svojim najbli\u017eim, rodbinom, prijateljima i\u00a0 susjedima. Predsjednik Skup\u0161tine:\u00a0\u00a0\u00a0\u00a0\u00a0\u00a0\u00a0\u00a0\u00a0\u00a0\u00a0\u00a0\u00a0\u00a0\u00a0\u00a0\u00a0\u00a0\u00a0\u00a0\u00a0\u00a0\u00a0\u00a0\u00a0\u00a0\u00a0\u00a0\u00a0\u00a0\u00a0\u00a0\u00a0\u00a0\u00a0\u00a0\u00a0\u00a0\u00a0\u00a0\u00a0\u00a0\u00a0\u00a0\u00a0\u00a0\u00a0\u00a0 Zamjenik predsjednika Skup\u0161tine: prof. Mario Jurki\u0107\u00a0\u00a0\u00a0\u00a0\u00a0\u00a0\u00a0\u00a0\u00a0\u00a0\u00a0\u00a0\u00a0\u00a0\u00a0\u00a0\u00a0\u00a0\u00a0\u00a0\u00a0\u00a0\u00a0\u00a0\u00a0\u00a0\u00a0\u00a0\u00a0\u00a0\u00a0\u00a0\u00a0\u00a0\u00a0\u00a0\u00a0\u00a0\u00a0\u00a0\u00a0\u00a0\u00a0\u00a0\u00a0\u00a0\u00a0\u00a0\u00a0\u00a0\u00a0\u00a0\u00a0\u00a0\u00a0\u00a0\u00a0 Anes &hellip;<br \/><a href=\"https:\/\/skupstinazp.ba\/new\/2469\/\" class=\"more-link pen_button pen_element_default pen_icon_arrow_double\">Nastavite \u010ditati <span class=\"screen-reader-text\">\u010cESTITKA ZA RAMAZANSKI BAJRAM<\/span><\/a><\/p>\n","protected":false},"author":2,"featured_media":1178,"comment_status":"closed","ping_status":"closed","sticky":false,"template":"","format":"standard","meta":{"footnotes":""},"categories":[2],"tags":[],"class_list":["post-2469","post","type-post","status-publish","format-standard","has-post-thumbnail","hentry","category-novosti"],"_links":{"self":[{"href":"https:\/\/skupstinazp.ba\/new\/wp-json\/wp\/v2\/posts\/2469","targetHints":{"allow":["GET"]}}],"collection":[{"href":"https:\/\/skupstinazp.ba\/new\/wp-json\/wp\/v2\/posts"}],"about":[{"href":"https:\/\/skupstinazp.ba\/new\/wp-json\/wp\/v2\/types\/post"}],"author":[{"embeddable":true,"href":"https:\/\/skupstinazp.ba\/new\/wp-json\/wp\/v2\/users\/2"}],"replies":[{"embeddable":true,"href":"https:\/\/skupstinazp.ba\/new\/wp-json\/wp\/v2\/comments?post=2469"}],"version-history":[{"count":0,"href":"https:\/\/skupstinazp.ba\/new\/wp-json\/wp\/v2\/posts\/2469\/revisions"}],"wp:featuredmedia":[{"embeddable":true,"href":"https:\/\/skupstinazp.ba\/new\/wp-json\/wp\/v2\/media\/1178"}],"wp:attachment":[{"href":"https:\/\/skupstinazp.ba\/new\/wp-json\/wp\/v2\/media?parent=2469"}],"wp:term":[{"taxonomy":"category","embeddable":true,"href":"https:\/\/skupstinazp.ba\/new\/wp-json\/wp\/v2\/categories?post=2469"},{"taxonomy":"post_tag","embeddable":true,"href":"https:\/\/skupstinazp.ba\/new\/wp-json\/wp\/v2\/tags?post=2469"}],"curies":[{"name":"wp","href":"https:\/\/api.w.org\/{rel}","templated":true}]}}