{"id":2496,"date":"2014-09-28T13:05:27","date_gmt":"2014-09-28T13:05:27","guid":{"rendered":"http:\/\/skupstinazp.ba\/1\/?p=2496"},"modified":"2014-09-28T13:05:27","modified_gmt":"2014-09-28T13:05:27","slug":"izaslanstvo-sda-posavskog-kantona-na-dzenazi-sulejmanu-tihicu","status":"publish","type":"post","link":"https:\/\/skupstinazp.ba\/new\/izaslanstvo-sda-posavskog-kantona-na-dzenazi-sulejmanu-tihicu\/","title":{"rendered":"IZASLANSTVO SKUP\u0160TINE \u017dP PREDVO\u0110ENO DOPREDSJEDNIKOM OSMANOVI\u0106EM NA D\u017dENAZI SULEJMANU TIHI\u0106U"},"content":{"rendered":"<p>SARAJEVO\/\u0160AMAC, 28. rujna 2014. godine Izaslanstvo Skup\u0161tine \u017dupanije posavske predvo\u0111eno dopredsjednikom Skup\u0161tine Anesom Osmanovi\u0107em bili su nazo\u010dni na d\u017eenazi Sulejmanu Tihi\u0107u, predsjednik SDA BiH. Dopredsjednik Osmanovi\u0107 bio je i u po\u010dasnoj stra\u017ei pored tijela Sulemna Tihi\u0107a. Sulejman Tihi\u0107 ro\u0111en u \u0160amcu, progla\u0161en je po\u010dasnim gra\u0111aninom Od\u017eaka, koji je jedan od dva grada u BiH u kojima je Tihi\u0107 bio progla\u0161en po\u010dasnim gra\u0111aninom. Zahvaljuju\u0107i rahmetli Tihi\u0107u jedna od konferencija za BiH odr\u017eana je u Prudu, na podru\u010dju \u017dupanije posavske, odnosno op\u0107ine Od\u017eak, a nadomak grada \u0160amca, Tihi\u0107evog rodnog mjesta.<\/p>\n<p>Tihi\u0107 je za \u017eivota bio odvjetnik, tu\u017eitelj i sudac. Predsjednik stranke SDA bio je u tri mandata. Bio je zastupnikom u federalnim i dr\u017eavnim domovima, u pojedinim mandatima bio je biran za predsjednika ili dopredsjednika tih domova. Umro je nakon te\u0161ke bolesti.<\/p>\n","protected":false},"excerpt":{"rendered":"<p>SARAJEVO\/\u0160AMAC, 28. rujna 2014. godine Izaslanstvo Skup\u0161tine \u017dupanije posavske predvo\u0111eno dopredsjednikom Skup\u0161tine Anesom Osmanovi\u0107em bili su nazo\u010dni na d\u017eenazi Sulejmanu Tihi\u0107u, predsjednik SDA BiH. Dopredsjednik Osmanovi\u0107 bio je i u po\u010dasnoj stra\u017ei pored tijela Sulemna Tihi\u0107a. Sulejman Tihi\u0107 ro\u0111en u \u0160amcu, progla\u0161en je po\u010dasnim gra\u0111aninom Od\u017eaka, koji je jedan od dva grada u BiH u &hellip;<br \/><a href=\"https:\/\/skupstinazp.ba\/new\/izaslanstvo-sda-posavskog-kantona-na-dzenazi-sulejmanu-tihicu\/\" class=\"more-link pen_button pen_element_default pen_icon_arrow_double\">Nastavite \u010ditati <span class=\"screen-reader-text\">IZASLANSTVO SKUP\u0160TINE \u017dP PREDVO\u0110ENO DOPREDSJEDNIKOM OSMANOVI\u0106EM NA D\u017dENAZI SULEJMANU TIHI\u0106U<\/span><\/a><\/p>\n","protected":false},"author":2,"featured_media":2497,"comment_status":"closed","ping_status":"closed","sticky":false,"template":"","format":"standard","meta":{"footnotes":""},"categories":[2],"tags":[],"class_list":["post-2496","post","type-post","status-publish","format-standard","has-post-thumbnail","hentry","category-novosti"],"_links":{"self":[{"href":"https:\/\/skupstinazp.ba\/new\/wp-json\/wp\/v2\/posts\/2496","targetHints":{"allow":["GET"]}}],"collection":[{"href":"https:\/\/skupstinazp.ba\/new\/wp-json\/wp\/v2\/posts"}],"about":[{"href":"https:\/\/skupstinazp.ba\/new\/wp-json\/wp\/v2\/types\/post"}],"author":[{"embeddable":true,"href":"https:\/\/skupstinazp.ba\/new\/wp-json\/wp\/v2\/users\/2"}],"replies":[{"embeddable":true,"href":"https:\/\/skupstinazp.ba\/new\/wp-json\/wp\/v2\/comments?post=2496"}],"version-history":[{"count":0,"href":"https:\/\/skupstinazp.ba\/new\/wp-json\/wp\/v2\/posts\/2496\/revisions"}],"wp:featuredmedia":[{"embeddable":true,"href":"https:\/\/skupstinazp.ba\/new\/wp-json\/wp\/v2\/media\/2497"}],"wp:attachment":[{"href":"https:\/\/skupstinazp.ba\/new\/wp-json\/wp\/v2\/media?parent=2496"}],"wp:term":[{"taxonomy":"category","embeddable":true,"href":"https:\/\/skupstinazp.ba\/new\/wp-json\/wp\/v2\/categories?post=2496"},{"taxonomy":"post_tag","embeddable":true,"href":"https:\/\/skupstinazp.ba\/new\/wp-json\/wp\/v2\/tags?post=2496"}],"curies":[{"name":"wp","href":"https:\/\/api.w.org\/{rel}","templated":true}]}}