{"id":253,"date":"2011-12-23T15:28:45","date_gmt":"2011-12-23T15:28:45","guid":{"rendered":"http:\/\/skupstinazp.ba\/?p=253"},"modified":"2011-12-23T15:28:45","modified_gmt":"2011-12-23T15:28:45","slug":"zakazana-iii-izvanredna-sjednica-skupstine-zupanije-posavske","status":"publish","type":"post","link":"https:\/\/skupstinazp.ba\/new\/zakazana-iii-izvanredna-sjednica-skupstine-zupanije-posavske\/","title":{"rendered":"Zakazana III. izvanredna sjednica Skup\u0161tine \u017dupanije Posavske"},"content":{"rendered":"<p style=\"text-align: left;\"><a href=\"http:\/\/skupstinazp.ba\/wp-content\/uploads\/2011\/11\/Skupstina.jpg\"><img loading=\"lazy\" decoding=\"async\" class=\"wp-image-218 aligncenter\" title=\"Skupstina\" src=\"http:\/\/skupstinazp.ba\/wp-content\/uploads\/2011\/11\/Skupstina.jpg\" alt=\"\" width=\"300\" height=\"200\" \/><\/a>23.12.2011. &#8211; Nakon odr\u017eane VI. sjednice Kolegija zakazana je III. izvanredna sjednica Skup\u0161tine \u017dupanije Posavske za 29. prosinca (\u010detvrtak) 2011. godine u 11:00 sati sa sljede\u0107im dnevnim redom:<\/p>\n<p style=\"text-align: left;\">1. Prijedlog izmjena i dopuna Prora\u010duna \u017dupanije Posavske za 2011. godinu i<br \/>\n2.Prijedlog odluke o privremenom financiranju \u017dupanije Posavske za razdoblje sije\u010danj-o\u017eujak 2012. godine.<\/p>\n<p style=\"text-align: left;\">Sjednica \u0107e se odr\u017eati u dvorani za sjednice Skup\u0161tine \u017dupanije Posavske u Domaljevcu.<\/p>\n<p style=\"text-align: right;\">Stru\u010dna slu\u017eba Skup\u0161tine<\/p>\n","protected":false},"excerpt":{"rendered":"<p>23.12.2011. &#8211; Nakon odr\u017eane VI. sjednice Kolegija zakazana je III. izvanredna sjednica Skup\u0161tine \u017dupanije Posavske za 29. prosinca (\u010detvrtak) 2011. godine u 11:00 sati sa sljede\u0107im dnevnim redom: 1. Prijedlog izmjena i dopuna Prora\u010duna \u017dupanije Posavske za 2011. godinu i 2.Prijedlog odluke o privremenom financiranju \u017dupanije Posavske za razdoblje sije\u010danj-o\u017eujak 2012. godine. Sjednica \u0107e se &hellip;<br \/><a href=\"https:\/\/skupstinazp.ba\/new\/zakazana-iii-izvanredna-sjednica-skupstine-zupanije-posavske\/\" class=\"more-link pen_button pen_element_default pen_icon_arrow_double\">Nastavite \u010ditati <span class=\"screen-reader-text\">Zakazana III. izvanredna sjednica Skup\u0161tine \u017dupanije Posavske<\/span><\/a><\/p>\n","protected":false},"author":2,"featured_media":0,"comment_status":"open","ping_status":"closed","sticky":false,"template":"","format":"standard","meta":{"footnotes":""},"categories":[2],"tags":[],"class_list":["post-253","post","type-post","status-publish","format-standard","hentry","category-novosti"],"_links":{"self":[{"href":"https:\/\/skupstinazp.ba\/new\/wp-json\/wp\/v2\/posts\/253","targetHints":{"allow":["GET"]}}],"collection":[{"href":"https:\/\/skupstinazp.ba\/new\/wp-json\/wp\/v2\/posts"}],"about":[{"href":"https:\/\/skupstinazp.ba\/new\/wp-json\/wp\/v2\/types\/post"}],"author":[{"embeddable":true,"href":"https:\/\/skupstinazp.ba\/new\/wp-json\/wp\/v2\/users\/2"}],"replies":[{"embeddable":true,"href":"https:\/\/skupstinazp.ba\/new\/wp-json\/wp\/v2\/comments?post=253"}],"version-history":[{"count":0,"href":"https:\/\/skupstinazp.ba\/new\/wp-json\/wp\/v2\/posts\/253\/revisions"}],"wp:attachment":[{"href":"https:\/\/skupstinazp.ba\/new\/wp-json\/wp\/v2\/media?parent=253"}],"wp:term":[{"taxonomy":"category","embeddable":true,"href":"https:\/\/skupstinazp.ba\/new\/wp-json\/wp\/v2\/categories?post=253"},{"taxonomy":"post_tag","embeddable":true,"href":"https:\/\/skupstinazp.ba\/new\/wp-json\/wp\/v2\/tags?post=253"}],"curies":[{"name":"wp","href":"https:\/\/api.w.org\/{rel}","templated":true}]}}