{"id":2608,"date":"2014-12-08T14:18:17","date_gmt":"2014-12-08T14:18:17","guid":{"rendered":"http:\/\/skupstinazp.ba\/1\/?p=2608"},"modified":"2014-12-08T14:18:17","modified_gmt":"2014-12-08T14:18:17","slug":"i-nastavak-i-sjednice-skupstine","status":"publish","type":"post","link":"https:\/\/skupstinazp.ba\/new\/i-nastavak-i-sjednice-skupstine\/","title":{"rendered":"I NASTAVAK I SJEDNICE SKUP\u0160TINE"},"content":{"rendered":"<p>DOMALJEVAC, 08.12.2014.godine\u00a0U Domaljevcu je danas odr\u017ean nastavak I. konstituiraju\u0107e sjednice Skup\u0161tine \u017dupanije Posavske. Sjednicom je predsjedavao Anes Osmanovi\u0107. Tijekom\u00a0 nastavljenog skup\u0161tinskog\u00a0 zasjedanja konstituirani su Klubovi konstitutivnih naroda u Skup\u0161tini \u017dP.<\/p>\n<p>Na dana\u0161njem nastavljenom zasjedanju razmatrana je\u00a0 to\u010dka dnevnoga reda:\u00a0Kontituiranje Klubova\u00a0 konstiotutivnih naroda u Skup\u0161tini \u017dupanije Posavske.<\/p>\n<p>Konstituiran je Klub Hrvata od 16 \u010dlanova.\u00a0Za predsjednika Kluba Hrvata izabran je \u017deljko \u0106o\u0161kovi\u0107.\u00a0Za zamjenika predsjednika Kluba Hrvata izabran je Ilija Bernatovi\u0107.<\/p>\n<p>Konstituiran je Klub Bo\u0161njaka od\u00a0 pet \u010dlanova.\u00a0Za predsjednika Kluba Bo\u0161njaka izabran je Anes Osmanovi\u0107.\u00a0Za zamjenika predsjednika Kluba Bo\u0161njaka izabran je Tahir Red\u017eepovi\u0107.<\/p>\n<p>Na prijedlog predsjedavaju\u0107eg Skup\u0161tine Anesa Osmanovi\u0107a sjednica je prekinuta, a bit \u0107e nastavljena kada se dostave ovjerene liste za izbor izaslanika u Dom naroda FBiH od strane Sredi\u0161njeg izbornog povjerenstva.\u00a0Tijekom skup\u0161tinskog zasjedanja dostavljeno je pet kandidacijskih lista : dvije iz reda Hrvatskoga naroda ( lista \u0110ure Deli\u0107 i lista \u017deljka Josi\u0107)\u00a0 i tri iz reda Bo\u0161nja\u010dkoga naroda ( lista Anesa Osmanivi\u0107, lista Senada Ahmetovi\u0107 i lista Mirsada Ahmetovi\u0107).<\/p>\n<p>Rad konstituiraju\u0107e sjednice Skup\u0161tine \u017dupanije Posavske po\u010deo je 21.11.2014. Tada su novoizabrani zastupnici polo\u017eili prisegu uz uru\u010denje certifikata mandata.<\/p>\n","protected":false},"excerpt":{"rendered":"<p>DOMALJEVAC, 08.12.2014.godine\u00a0U Domaljevcu je danas odr\u017ean nastavak I. konstituiraju\u0107e sjednice Skup\u0161tine \u017dupanije Posavske. Sjednicom je predsjedavao Anes Osmanovi\u0107. Tijekom\u00a0 nastavljenog skup\u0161tinskog\u00a0 zasjedanja konstituirani su Klubovi konstitutivnih naroda u Skup\u0161tini \u017dP. Na dana\u0161njem nastavljenom zasjedanju razmatrana je\u00a0 to\u010dka dnevnoga reda:\u00a0Kontituiranje Klubova\u00a0 konstiotutivnih naroda u Skup\u0161tini \u017dupanije Posavske. Konstituiran je Klub Hrvata od 16 \u010dlanova.\u00a0Za predsjednika Kluba &hellip;<br \/><a href=\"https:\/\/skupstinazp.ba\/new\/i-nastavak-i-sjednice-skupstine\/\" class=\"more-link pen_button pen_element_default pen_icon_arrow_double\">Nastavite \u010ditati <span class=\"screen-reader-text\">I NASTAVAK I SJEDNICE SKUP\u0160TINE<\/span><\/a><\/p>\n","protected":false},"author":2,"featured_media":2609,"comment_status":"closed","ping_status":"closed","sticky":false,"template":"","format":"standard","meta":{"footnotes":""},"categories":[2],"tags":[],"class_list":["post-2608","post","type-post","status-publish","format-standard","has-post-thumbnail","hentry","category-novosti"],"_links":{"self":[{"href":"https:\/\/skupstinazp.ba\/new\/wp-json\/wp\/v2\/posts\/2608","targetHints":{"allow":["GET"]}}],"collection":[{"href":"https:\/\/skupstinazp.ba\/new\/wp-json\/wp\/v2\/posts"}],"about":[{"href":"https:\/\/skupstinazp.ba\/new\/wp-json\/wp\/v2\/types\/post"}],"author":[{"embeddable":true,"href":"https:\/\/skupstinazp.ba\/new\/wp-json\/wp\/v2\/users\/2"}],"replies":[{"embeddable":true,"href":"https:\/\/skupstinazp.ba\/new\/wp-json\/wp\/v2\/comments?post=2608"}],"version-history":[{"count":0,"href":"https:\/\/skupstinazp.ba\/new\/wp-json\/wp\/v2\/posts\/2608\/revisions"}],"wp:featuredmedia":[{"embeddable":true,"href":"https:\/\/skupstinazp.ba\/new\/wp-json\/wp\/v2\/media\/2609"}],"wp:attachment":[{"href":"https:\/\/skupstinazp.ba\/new\/wp-json\/wp\/v2\/media?parent=2608"}],"wp:term":[{"taxonomy":"category","embeddable":true,"href":"https:\/\/skupstinazp.ba\/new\/wp-json\/wp\/v2\/categories?post=2608"},{"taxonomy":"post_tag","embeddable":true,"href":"https:\/\/skupstinazp.ba\/new\/wp-json\/wp\/v2\/tags?post=2608"}],"curies":[{"name":"wp","href":"https:\/\/api.w.org\/{rel}","templated":true}]}}