{"id":2640,"date":"2014-12-18T21:56:16","date_gmt":"2014-12-18T21:56:16","guid":{"rendered":"http:\/\/skupstinazp.ba\/1\/?p=2640"},"modified":"2014-12-18T21:56:16","modified_gmt":"2014-12-18T21:56:16","slug":"bozicni-prijam-u-sarajevu","status":"publish","type":"post","link":"https:\/\/skupstinazp.ba\/new\/bozicni-prijam-u-sarajevu\/","title":{"rendered":"Bo\u017ei\u0107ni prijam u Sarajevu"},"content":{"rendered":"<p style=\"text-align: justify;\">Predsjednik Skup\u0161tine Joso Markovi\u0107 i zastupnik u Domu naroda Parlamenta FBiH \u0110uro Deli\u0107 prisustvovali su prijamu povodom najradosnijeg katoli\u010dkog blagdana &#8211; Bo\u017ei\u0107a, koji je u zgradi Parlamentarne Skup\u0161tine BiH uprili\u010dio \u010dlan Predsjedni\u0161tva\u00a0BiH iz reda hrvatskog naroda Dragan \u010covi\u0107. U svom obra\u0107anju \u010covi\u0107 je iskazao \u017eelju da i ovaj Bo\u017ei\u0107, blagdan ljubavi, radosti i obiteljske topline, dopre do sviju onih kojima je pomo\u0107 potrebna. Tako\u0111er je prenio poruku i blagoslov Svetog Oca pape Franje &#8211; \u201cBrinite o onima najugro\u017eenijima, brinite i osigurajte radna mjesta za mlade da ne napu\u0161taju va\u0161u lijepu zemlju, moliti \u0107u se za vas da uspijete\u201d. (izvor FENA)<\/p>\n<p style=\"text-align: center;\"><img loading=\"lazy\" decoding=\"async\" class=\"aligncenter size-medium wp-image-2641\" alt=\"10682244_746591038766335_6401826311652122548_o\" src=\"http:\/\/skupstinazp.ba\/1\/wp-content\/uploads\/2014\/12\/10682244_746591038766335_6401826311652122548_o-300x228.jpg\" width=\"300\" height=\"228\" \/> <img loading=\"lazy\" decoding=\"async\" class=\"aligncenter size-medium wp-image-2642\" alt=\"10850324_746594498765989_8593916187651304116_n\" src=\"http:\/\/skupstinazp.ba\/1\/wp-content\/uploads\/2014\/12\/10850324_746594498765989_8593916187651304116_n-300x200.jpg\" width=\"300\" height=\"200\" srcset=\"https:\/\/skupstinazp.ba\/new\/wp-content\/uploads\/2014\/12\/10850324_746594498765989_8593916187651304116_n-300x200.jpg 300w, https:\/\/skupstinazp.ba\/new\/wp-content\/uploads\/2014\/12\/10850324_746594498765989_8593916187651304116_n.jpg 630w\" sizes=\"auto, (max-width: 300px) 100vw, 300px\" \/><\/p>\n","protected":false},"excerpt":{"rendered":"<p>Predsjednik Skup\u0161tine Joso Markovi\u0107 i zastupnik u Domu naroda Parlamenta FBiH \u0110uro Deli\u0107 prisustvovali su prijamu povodom najradosnijeg katoli\u010dkog blagdana &#8211; Bo\u017ei\u0107a, koji je u zgradi Parlamentarne Skup\u0161tine BiH uprili\u010dio \u010dlan Predsjedni\u0161tva\u00a0BiH iz reda hrvatskog naroda Dragan \u010covi\u0107. U svom obra\u0107anju \u010covi\u0107 je iskazao \u017eelju da i ovaj Bo\u017ei\u0107, blagdan ljubavi, radosti i obiteljske topline, &hellip;<br \/><a href=\"https:\/\/skupstinazp.ba\/new\/bozicni-prijam-u-sarajevu\/\" class=\"more-link pen_button pen_element_default pen_icon_arrow_double\">Nastavite \u010ditati <span class=\"screen-reader-text\">Bo\u017ei\u0107ni prijam u Sarajevu<\/span><\/a><\/p>\n","protected":false},"author":2,"featured_media":2641,"comment_status":"closed","ping_status":"closed","sticky":false,"template":"","format":"standard","meta":{"footnotes":""},"categories":[2],"tags":[],"class_list":["post-2640","post","type-post","status-publish","format-standard","has-post-thumbnail","hentry","category-novosti"],"_links":{"self":[{"href":"https:\/\/skupstinazp.ba\/new\/wp-json\/wp\/v2\/posts\/2640","targetHints":{"allow":["GET"]}}],"collection":[{"href":"https:\/\/skupstinazp.ba\/new\/wp-json\/wp\/v2\/posts"}],"about":[{"href":"https:\/\/skupstinazp.ba\/new\/wp-json\/wp\/v2\/types\/post"}],"author":[{"embeddable":true,"href":"https:\/\/skupstinazp.ba\/new\/wp-json\/wp\/v2\/users\/2"}],"replies":[{"embeddable":true,"href":"https:\/\/skupstinazp.ba\/new\/wp-json\/wp\/v2\/comments?post=2640"}],"version-history":[{"count":0,"href":"https:\/\/skupstinazp.ba\/new\/wp-json\/wp\/v2\/posts\/2640\/revisions"}],"wp:featuredmedia":[{"embeddable":true,"href":"https:\/\/skupstinazp.ba\/new\/wp-json\/wp\/v2\/media\/2641"}],"wp:attachment":[{"href":"https:\/\/skupstinazp.ba\/new\/wp-json\/wp\/v2\/media?parent=2640"}],"wp:term":[{"taxonomy":"category","embeddable":true,"href":"https:\/\/skupstinazp.ba\/new\/wp-json\/wp\/v2\/categories?post=2640"},{"taxonomy":"post_tag","embeddable":true,"href":"https:\/\/skupstinazp.ba\/new\/wp-json\/wp\/v2\/tags?post=2640"}],"curies":[{"name":"wp","href":"https:\/\/api.w.org\/{rel}","templated":true}]}}