{"id":2645,"date":"2014-12-23T11:05:24","date_gmt":"2014-12-23T11:05:24","guid":{"rendered":"http:\/\/skupstinazp.ba\/1\/?p=2645"},"modified":"2014-12-23T11:05:24","modified_gmt":"2014-12-23T11:05:24","slug":"obavijest-o-dodjeli-mandata-izaslanicima-u-dom-naroda-parlamenta-federacije-bih","status":"publish","type":"post","link":"https:\/\/skupstinazp.ba\/new\/obavijest-o-dodjeli-mandata-izaslanicima-u-dom-naroda-parlamenta-federacije-bih\/","title":{"rendered":"OBAVIJEST O DODJELI MANDATA IZASLANICIMA U DOM NARODA PARLAMENTA FEDERACIJE BiH"},"content":{"rendered":"<p style=\"text-align: justify;\">Sredi\u0161nje izborno povjerenstvo je na sjednici odr\u017eanoj 18.12.2014. godine donijelo je Odluku o utvr\u0111ivanju rezultata posrednih izbora i dodjeli mandata izaslanicima u Domu naroda Parlamenta Federacije Bosne i Hercegovine iz \u017dupanije Posavske. (Odluka broj: 06-1-07-1-1069\/14)<br \/>\nMandate su dobili Anes Osmanovi\u0107 &#8211; Bo\u0161njak i \u0110uro Deli\u0107 &#8211; Hrvat<br \/>\nPodsje\u0107amo da je Skup\u0161tina \u017dupanije Posavske nakon provedenih posrednih izbora 10.12.2014. godine, u roku od 24 sata, dostavila Sredi\u0161njem izbornom povjerenstvu kompletni izborni materijal koji \u010dine: skra\u0107eni zapisnik s I. sjednice Kolegija Skup\u0161tine, materijal o postupku \u017edrijebanja za redoslijed listi na glasa\u010dkom listi\u0107u, skra\u0107eni zapisnik s I. sjednice Komisije za izbor i imenovanja, bira\u010dki popis za izbor izaslanika u Dom naroda Parlamenta F BiH i glasa\u010dke listi\u0107e za izbor izaslanika iz \u017dupanije Posavske. Izaslanici su birani sa 5 kandidacijskih lista &#8211; 3 iz reda bo\u0161nja\u010dkog naroda i 2 iz reda hrvatskog naroda.<\/p>\n<p style=\"text-align: right;\">Stru\u010dna slu\u017eba Skup\u0161tine<\/p>\n","protected":false},"excerpt":{"rendered":"<p>Sredi\u0161nje izborno povjerenstvo je na sjednici odr\u017eanoj 18.12.2014. godine donijelo je Odluku o utvr\u0111ivanju rezultata posrednih izbora i dodjeli mandata izaslanicima u Domu naroda Parlamenta Federacije Bosne i Hercegovine iz \u017dupanije Posavske. (Odluka broj: 06-1-07-1-1069\/14) Mandate su dobili Anes Osmanovi\u0107 &#8211; Bo\u0161njak i \u0110uro Deli\u0107 &#8211; Hrvat Podsje\u0107amo da je Skup\u0161tina \u017dupanije Posavske nakon provedenih &hellip;<br \/><a href=\"https:\/\/skupstinazp.ba\/new\/obavijest-o-dodjeli-mandata-izaslanicima-u-dom-naroda-parlamenta-federacije-bih\/\" class=\"more-link pen_button pen_element_default pen_icon_arrow_double\">Nastavite \u010ditati <span class=\"screen-reader-text\">OBAVIJEST O DODJELI MANDATA IZASLANICIMA U DOM NARODA PARLAMENTA FEDERACIJE BiH<\/span><\/a><\/p>\n","protected":false},"author":2,"featured_media":2533,"comment_status":"closed","ping_status":"closed","sticky":false,"template":"","format":"standard","meta":{"footnotes":""},"categories":[2],"tags":[],"class_list":["post-2645","post","type-post","status-publish","format-standard","has-post-thumbnail","hentry","category-novosti"],"_links":{"self":[{"href":"https:\/\/skupstinazp.ba\/new\/wp-json\/wp\/v2\/posts\/2645","targetHints":{"allow":["GET"]}}],"collection":[{"href":"https:\/\/skupstinazp.ba\/new\/wp-json\/wp\/v2\/posts"}],"about":[{"href":"https:\/\/skupstinazp.ba\/new\/wp-json\/wp\/v2\/types\/post"}],"author":[{"embeddable":true,"href":"https:\/\/skupstinazp.ba\/new\/wp-json\/wp\/v2\/users\/2"}],"replies":[{"embeddable":true,"href":"https:\/\/skupstinazp.ba\/new\/wp-json\/wp\/v2\/comments?post=2645"}],"version-history":[{"count":0,"href":"https:\/\/skupstinazp.ba\/new\/wp-json\/wp\/v2\/posts\/2645\/revisions"}],"wp:featuredmedia":[{"embeddable":true,"href":"https:\/\/skupstinazp.ba\/new\/wp-json\/wp\/v2\/media\/2533"}],"wp:attachment":[{"href":"https:\/\/skupstinazp.ba\/new\/wp-json\/wp\/v2\/media?parent=2645"}],"wp:term":[{"taxonomy":"category","embeddable":true,"href":"https:\/\/skupstinazp.ba\/new\/wp-json\/wp\/v2\/categories?post=2645"},{"taxonomy":"post_tag","embeddable":true,"href":"https:\/\/skupstinazp.ba\/new\/wp-json\/wp\/v2\/tags?post=2645"}],"curies":[{"name":"wp","href":"https:\/\/api.w.org\/{rel}","templated":true}]}}