{"id":2658,"date":"2015-02-03T10:12:24","date_gmt":"2015-02-03T10:12:24","guid":{"rendered":"http:\/\/skupstinazp.ba\/1\/?p=2658"},"modified":"2015-02-03T10:12:24","modified_gmt":"2015-02-03T10:12:24","slug":"imenovan-kandidat-za-predsjednika-vlade-zupanije-posavske","status":"publish","type":"post","link":"https:\/\/skupstinazp.ba\/new\/imenovan-kandidat-za-predsjednika-vlade-zupanije-posavske\/","title":{"rendered":"IMENOVAN KANDIDAT ZA PREDSJEDNIKA VLADE \u017dUPANIJE POSAVSKE"},"content":{"rendered":"<p style=\"text-align: justify;\">DOMALJEVAC 03.02.2015. &#8211; Temeljem Amandmana LXXXI. na Ustav FBiH stavak 2. (\u201eSlu\u017ebene novine FBiH\u201c, broj 52\/02 i 60\/02) i \u010dlanka 38. Poslovnika o radu (\u201cNarodne novine \u017dupanije Posavske\u201d, broj 6\/01) Predsjednik Skup\u0161tine \u017dupanije Posavske uz konzultaciju sa Zamjenikom predsjednika imenovao je kandidata za Predsjednika Vlade \u017dupanije Posavske gospodina Marijana Klai\u0107.<\/p>\n<p style=\"text-align: center;\"><a href=\"https:\/\/skupstinazp.ba\/new\/wp-content\/uploads\/2015\/02\/image-9a47605e93392a43d6c057311254da400af487eee2d2d5e13fd38dadc108b93c-V.jpg\"><img loading=\"lazy\" decoding=\"async\" class=\"aligncenter size-medium wp-image-2659\" src=\"http:\/\/skupstinazp.ba\/1\/wp-content\/uploads\/2015\/02\/image-9a47605e93392a43d6c057311254da400af487eee2d2d5e13fd38dadc108b93c-V-300x225.jpg\" alt=\"image-9a47605e93392a43d6c057311254da400af487eee2d2d5e13fd38dadc108b93c-V\" width=\"300\" height=\"225\" srcset=\"https:\/\/skupstinazp.ba\/new\/wp-content\/uploads\/2015\/02\/image-9a47605e93392a43d6c057311254da400af487eee2d2d5e13fd38dadc108b93c-V-300x225.jpg 300w, https:\/\/skupstinazp.ba\/new\/wp-content\/uploads\/2015\/02\/image-9a47605e93392a43d6c057311254da400af487eee2d2d5e13fd38dadc108b93c-V-1024x768.jpg 1024w, https:\/\/skupstinazp.ba\/new\/wp-content\/uploads\/2015\/02\/image-9a47605e93392a43d6c057311254da400af487eee2d2d5e13fd38dadc108b93c-V-768x576.jpg 768w, https:\/\/skupstinazp.ba\/new\/wp-content\/uploads\/2015\/02\/image-9a47605e93392a43d6c057311254da400af487eee2d2d5e13fd38dadc108b93c-V.jpg 1280w\" sizes=\"auto, (max-width: 300px) 100vw, 300px\" \/><\/a><\/p>\n","protected":false},"excerpt":{"rendered":"<p>DOMALJEVAC 03.02.2015. &#8211; Temeljem Amandmana LXXXI. na Ustav FBiH stavak 2. (\u201eSlu\u017ebene novine FBiH\u201c, broj 52\/02 i 60\/02) i \u010dlanka 38. Poslovnika o radu (\u201cNarodne novine \u017dupanije Posavske\u201d, broj 6\/01) Predsjednik Skup\u0161tine \u017dupanije Posavske uz konzultaciju sa Zamjenikom predsjednika imenovao je kandidata za Predsjednika Vlade \u017dupanije Posavske gospodina Marijana Klai\u0107.<\/p>\n","protected":false},"author":2,"featured_media":2660,"comment_status":"closed","ping_status":"closed","sticky":false,"template":"","format":"standard","meta":{"footnotes":""},"categories":[3],"tags":[],"class_list":["post-2658","post","type-post","status-publish","format-standard","has-post-thumbnail","hentry","category-obavijesti"],"_links":{"self":[{"href":"https:\/\/skupstinazp.ba\/new\/wp-json\/wp\/v2\/posts\/2658","targetHints":{"allow":["GET"]}}],"collection":[{"href":"https:\/\/skupstinazp.ba\/new\/wp-json\/wp\/v2\/posts"}],"about":[{"href":"https:\/\/skupstinazp.ba\/new\/wp-json\/wp\/v2\/types\/post"}],"author":[{"embeddable":true,"href":"https:\/\/skupstinazp.ba\/new\/wp-json\/wp\/v2\/users\/2"}],"replies":[{"embeddable":true,"href":"https:\/\/skupstinazp.ba\/new\/wp-json\/wp\/v2\/comments?post=2658"}],"version-history":[{"count":0,"href":"https:\/\/skupstinazp.ba\/new\/wp-json\/wp\/v2\/posts\/2658\/revisions"}],"wp:featuredmedia":[{"embeddable":true,"href":"https:\/\/skupstinazp.ba\/new\/wp-json\/wp\/v2\/media\/2660"}],"wp:attachment":[{"href":"https:\/\/skupstinazp.ba\/new\/wp-json\/wp\/v2\/media?parent=2658"}],"wp:term":[{"taxonomy":"category","embeddable":true,"href":"https:\/\/skupstinazp.ba\/new\/wp-json\/wp\/v2\/categories?post=2658"},{"taxonomy":"post_tag","embeddable":true,"href":"https:\/\/skupstinazp.ba\/new\/wp-json\/wp\/v2\/tags?post=2658"}],"curies":[{"name":"wp","href":"https:\/\/api.w.org\/{rel}","templated":true}]}}