{"id":2683,"date":"2015-03-26T18:36:16","date_gmt":"2015-03-26T18:36:16","guid":{"rendered":"http:\/\/skupstinazp.ba\/1\/?p=2683"},"modified":"2015-03-26T18:36:16","modified_gmt":"2015-03-26T18:36:16","slug":"priopcenje-za-javnost-s-iii-izvanredne-sjednice-skupstine-zupanije-posavske","status":"publish","type":"post","link":"https:\/\/skupstinazp.ba\/new\/priopcenje-za-javnost-s-iii-izvanredne-sjednice-skupstine-zupanije-posavske\/","title":{"rendered":"PRIOP\u0106ENJE ZA JAVNOST S III. IZVANREDNE SJEDNICE SKUP\u0160TINE \u017dUPANIJE POSAVSKE"},"content":{"rendered":"<p style=\"text-align: center;\"><img loading=\"lazy\" decoding=\"async\" class=\" wp-image-2684 aligncenter\" alt=\"nova vlada zp 2\" src=\"https:\/\/skupstinazp.ba\/new\/wp-content\/uploads\/2015\/03\/nova-vlada-zp-2.jpg\" width=\"560\" height=\"331\" srcset=\"https:\/\/skupstinazp.ba\/new\/wp-content\/uploads\/2015\/03\/nova-vlada-zp-2.jpg 800w, https:\/\/skupstinazp.ba\/new\/wp-content\/uploads\/2015\/03\/nova-vlada-zp-2-300x177.jpg 300w, https:\/\/skupstinazp.ba\/new\/wp-content\/uploads\/2015\/03\/nova-vlada-zp-2-768x454.jpg 768w\" sizes=\"auto, (max-width: 560px) 100vw, 560px\" \/><\/p>\n<p style=\"text-align: justify;\">Domaljevac, 26.03.2015. godine \u2013 odr\u017eana je III. izvanredna sjednica Skup\u0161tine \u017dupanije Posavske na kojoj su zastupnici sa 14 glasova \u201eza\u201c, 1 \u201eprotiv\u201c i 4 \u201esuzdr\u017eana\u201c usvojili Odluku o odobravanju imenovanja Predsjednika i \u010dlanova Vlade \u017dupanije Posavske.<br \/>\nSastav Vlade je slijede\u0107i;<br \/>\n1.\u00a0 \u00a0 \u00a0 Marijan Klai\u0107 iz Ora\u0161ja, Hrvat \u2013 predsjednik Vlade<br \/>\n2.\u00a0 \u00a0 \u00a0 Alija Kusur iz Od\u017eaka, Bo\u0161njak &#8211; ministar prometa, veza, turizma i za\u0161tite okoli\u0161a i zamjenik predsjednika Vlade,<br \/>\n3.\u00a0 \u00a0 \u00a0 Meho Deli\u0107 iz Ora\u0161ja, Bo\u0161njak &#8211; ministar unutarnjih poslova,<br \/>\n4.\u00a0 \u00a0 \u00a0 Ana Andri\u0107 iz Od\u017eaka, Hrvatica\u00a0 &#8211; ministrica pravosu\u0111a,<br \/>\n5.\u00a0 \u00a0 \u00a0 Nada \u0106ulap iz Od\u017eaka, Hrvatica &#8211; ministrica financija,<br \/>\n6.\u00a0 \u00a0 \u00a0 Mario Peji\u0107, iz Ora\u0161ja, Hrvat &#8211; ministar prosvjete, znanosti, kulture i \u0161porta,<br \/>\n7.\u00a0 \u00a0 \u00a0 Damir \u017divkovi\u0107 iz Ora\u0161ja, Hrvat &#8211; ministar zdravstva, rada i socijalne politike,<br \/>\n8.\u00a0 \u00a0 \u00a0 Mato Brki\u0107 iz Domaljevac-\u0160amca, Hrvat &#8211; ministar poljoprivrede, vodoprivrede i \u0161umarstva,<br \/>\n9.\u00a0 \u00a0 \u00a0 Darko Kasap iz Od\u017eaka, Hrvat &#8211; ministar gospodarstva i prostornog ure\u0111enja i<br \/>\n10.\u00a0 \u00a0 \u00a0Marijan Kopi\u0107 iz Ora\u0161ja, Hrvat &#8211; ministar branitelja.<\/p>\n<p style=\"text-align: justify;\"><img loading=\"lazy\" decoding=\"async\" class=\"aligncenter  wp-image-2686\" alt=\"nova vlada zp\" src=\"https:\/\/skupstinazp.ba\/new\/wp-content\/uploads\/2015\/03\/nova-vlada-zp.jpg\" width=\"560\" height=\"314\" srcset=\"https:\/\/skupstinazp.ba\/new\/wp-content\/uploads\/2015\/03\/nova-vlada-zp.jpg 800w, https:\/\/skupstinazp.ba\/new\/wp-content\/uploads\/2015\/03\/nova-vlada-zp-300x168.jpg 300w, https:\/\/skupstinazp.ba\/new\/wp-content\/uploads\/2015\/03\/nova-vlada-zp-768x430.jpg 768w\" sizes=\"auto, (max-width: 560px) 100vw, 560px\" \/><br \/>\nOdobravanjem imenovanja te polaganjem sve\u010dane prisege\/izjave stvoreni su uvjeti za stupanje na du\u017enost \u010dlanova Vlade \u017dupanije Posavske.<\/p>\n<p>Danas je takodjer odr\u017eana i V. Sjednica Kolegija Skup\u0161tine \u017dupanije Posavske na kojoj je jednoglasno usvojeno da se naredna sjednica Skup\u0161tine odr\u017ei 01. Travnja 2015. godine (srijeda) sa po\u010detkom u 10,00 sati. Na sjednici zastupnici \u0107e razmatrati Prijedlog Prora\u010duna \u017dupanije Posavske za 2015. godinu. Usvajanjem istog omogu\u0107it \u0107e se nesmetan rad danas imenovanoj Vladi \u017dupanije Posavske.<\/p>\n<p style=\"text-align: center;\"><img loading=\"lazy\" decoding=\"async\" class=\"aligncenter  wp-image-2685\" alt=\"nova vlada zp 3\" src=\"https:\/\/skupstinazp.ba\/new\/wp-content\/uploads\/2015\/03\/nova-vlada-zp-3.jpg\" width=\"560\" height=\"351\" srcset=\"https:\/\/skupstinazp.ba\/new\/wp-content\/uploads\/2015\/03\/nova-vlada-zp-3.jpg 800w, https:\/\/skupstinazp.ba\/new\/wp-content\/uploads\/2015\/03\/nova-vlada-zp-3-300x188.jpg 300w, https:\/\/skupstinazp.ba\/new\/wp-content\/uploads\/2015\/03\/nova-vlada-zp-3-768x482.jpg 768w\" sizes=\"auto, (max-width: 560px) 100vw, 560px\" \/><\/p>\n<p style=\"text-align: left;\">Slijedi tonski zapis:<\/p>\n<p><object classid=\"clsid:D27CDB6E-AE6D-11cf-96B8-444553540000\" codebase=\"http:\/\/download.adobe.com\/pub\/shockwave\/cabs\/flash\/swflash.cab#version=10,0,0,0\" name=\"XQnlVNk1_22493493\" width=\"100%\" height=\"80\" id=\"XQnlVNk1_22493493\"><param name=\"movie\" value=\"http:\/\/www71.zippyshare.com\/swf\/player_local.swf?file=XQnlVNk1&#038;server=71&#038;baseurl=http:\/\/www.zippyshare.com\/api\/&#038;flashid=null&#038;autostart=false&#038;availablequality=both&#038;bordercolor=#CCCCCC&#038;forecolor=#000000&#038;backcolor=#F2F2F2&#038;darkcolor=#000000&#038;lightcolor=#FF6600\" \/><param name=\"quality\" value=\"high\" \/><param name=\"scriptAccess\" value=\"always\" \/><embed src=\"http:\/\/www71.zippyshare.com\/swf\/player_local.swf?file=XQnlVNk1&#038;server=71&#038;baseurl=http:\/\/www.zippyshare.com\/api\/&#038;flashid=null&#038;autostart=false&#038;availablequality=both&#038;bordercolor=#CCCCCC&#038;forecolor=#000000&#038;backcolor=#F2F2F2&#038;darkcolor=#000000&#038;lightcolor=#FF6600\" width=\"100%\" height=\"80\" quality=\"high\" pluginspage=\"http:\/\/www.adobe.com\/go\/getflashplayer\" type=\"application\/x-shockwave-flash\" scriptaccess=\"always\" name=\"XQnlVNk1_22493493\"><\/embed><\/object><\/p>\n<p style=\"text-align: right;\">Stru\u010dna slu\u017eba Skup\u0161tine<\/p>\n","protected":false},"excerpt":{"rendered":"<p>Domaljevac, 26.03.2015. godine \u2013 odr\u017eana je III. izvanredna sjednica Skup\u0161tine \u017dupanije Posavske na kojoj su zastupnici sa 14 glasova \u201eza\u201c, 1 \u201eprotiv\u201c i 4 \u201esuzdr\u017eana\u201c usvojili Odluku o odobravanju imenovanja Predsjednika i \u010dlanova Vlade \u017dupanije Posavske. Sastav Vlade je slijede\u0107i; 1.\u00a0 \u00a0 \u00a0 Marijan Klai\u0107 iz Ora\u0161ja, Hrvat \u2013 predsjednik Vlade 2.\u00a0 \u00a0 \u00a0 Alija &hellip;<br \/><a href=\"https:\/\/skupstinazp.ba\/new\/priopcenje-za-javnost-s-iii-izvanredne-sjednice-skupstine-zupanije-posavske\/\" class=\"more-link pen_button pen_element_default pen_icon_arrow_double\">Nastavite \u010ditati <span class=\"screen-reader-text\">PRIOP\u0106ENJE ZA JAVNOST S III. IZVANREDNE SJEDNICE SKUP\u0160TINE \u017dUPANIJE POSAVSKE<\/span><\/a><\/p>\n","protected":false},"author":2,"featured_media":2684,"comment_status":"closed","ping_status":"closed","sticky":false,"template":"","format":"standard","meta":{"footnotes":""},"categories":[2],"tags":[],"class_list":["post-2683","post","type-post","status-publish","format-standard","has-post-thumbnail","hentry","category-novosti"],"_links":{"self":[{"href":"https:\/\/skupstinazp.ba\/new\/wp-json\/wp\/v2\/posts\/2683","targetHints":{"allow":["GET"]}}],"collection":[{"href":"https:\/\/skupstinazp.ba\/new\/wp-json\/wp\/v2\/posts"}],"about":[{"href":"https:\/\/skupstinazp.ba\/new\/wp-json\/wp\/v2\/types\/post"}],"author":[{"embeddable":true,"href":"https:\/\/skupstinazp.ba\/new\/wp-json\/wp\/v2\/users\/2"}],"replies":[{"embeddable":true,"href":"https:\/\/skupstinazp.ba\/new\/wp-json\/wp\/v2\/comments?post=2683"}],"version-history":[{"count":0,"href":"https:\/\/skupstinazp.ba\/new\/wp-json\/wp\/v2\/posts\/2683\/revisions"}],"wp:featuredmedia":[{"embeddable":true,"href":"https:\/\/skupstinazp.ba\/new\/wp-json\/wp\/v2\/media\/2684"}],"wp:attachment":[{"href":"https:\/\/skupstinazp.ba\/new\/wp-json\/wp\/v2\/media?parent=2683"}],"wp:term":[{"taxonomy":"category","embeddable":true,"href":"https:\/\/skupstinazp.ba\/new\/wp-json\/wp\/v2\/categories?post=2683"},{"taxonomy":"post_tag","embeddable":true,"href":"https:\/\/skupstinazp.ba\/new\/wp-json\/wp\/v2\/tags?post=2683"}],"curies":[{"name":"wp","href":"https:\/\/api.w.org\/{rel}","templated":true}]}}