{"id":273,"date":"2012-01-17T14:25:37","date_gmt":"2012-01-17T14:25:37","guid":{"rendered":"http:\/\/skupstinazp.ba\/?p=273"},"modified":"2012-01-17T14:25:37","modified_gmt":"2012-01-17T14:25:37","slug":"najava-sastanka-zastupnika-sa-policijom","status":"publish","type":"post","link":"https:\/\/skupstinazp.ba\/new\/najava-sastanka-zastupnika-sa-policijom\/","title":{"rendered":"Sastanak zastupnika Skup\u0161tine \u017dupanije Posavske sa predstavnicima sindikata policije"},"content":{"rendered":"<p style=\"text-align: left;\"><a href=\"http:\/\/skupstinazp.ba\/wp-content\/uploads\/2011\/11\/Skupstina.jpg\"><img loading=\"lazy\" decoding=\"async\" class=\"aligncenter  wp-image-218\" title=\"Skupstina\" src=\"http:\/\/skupstinazp.ba\/wp-content\/uploads\/2011\/11\/Skupstina.jpg\" alt=\"\" width=\"500\" height=\"333\" \/><\/a>Predsjednik Skup\u0161tine \u017dupanije posavske zakazao je sastanak s predstavnicima Sindikata djelatnika MUP-a \u017dupanije posavske za <!--more Pro\u010ditaj vi\u0161e--> srijedu, 18. sije\u010dnja 2012. godine.<\/p>\n<p style=\"text-align: left;\">Sastanak, koji \u0107e biti zatvorenog tipa,<br \/>\nodr\u017eat \u0107e se s po\u010detkom u 11.00 sati u prostorijama Skup\u0161tine \u017dupanije posavske u Domaljevcu. Na sastanak su pored predstavnika \u0160trajka\u010dkog odbora Sindikata djelatnika MUP-a \u017dupanije posavske pozvani i skup\u0161tinski zastupnici.<\/p>\n<p style=\"text-align: left;\">Planirane izjave za medije bit \u0107e uprili\u010dene na kraju sastanka, a foto i video prilika \u0107e biti omogu\u0107ena na po\u010detku sastanka.<\/p>\n","protected":false},"excerpt":{"rendered":"<p>Predsjednik Skup\u0161tine \u017dupanije posavske zakazao je sastanak s predstavnicima Sindikata djelatnika MUP-a \u017dupanije posavske za<\/p>\n","protected":false},"author":2,"featured_media":0,"comment_status":"open","ping_status":"closed","sticky":false,"template":"","format":"standard","meta":{"footnotes":""},"categories":[2],"tags":[],"class_list":["post-273","post","type-post","status-publish","format-standard","hentry","category-novosti"],"_links":{"self":[{"href":"https:\/\/skupstinazp.ba\/new\/wp-json\/wp\/v2\/posts\/273","targetHints":{"allow":["GET"]}}],"collection":[{"href":"https:\/\/skupstinazp.ba\/new\/wp-json\/wp\/v2\/posts"}],"about":[{"href":"https:\/\/skupstinazp.ba\/new\/wp-json\/wp\/v2\/types\/post"}],"author":[{"embeddable":true,"href":"https:\/\/skupstinazp.ba\/new\/wp-json\/wp\/v2\/users\/2"}],"replies":[{"embeddable":true,"href":"https:\/\/skupstinazp.ba\/new\/wp-json\/wp\/v2\/comments?post=273"}],"version-history":[{"count":0,"href":"https:\/\/skupstinazp.ba\/new\/wp-json\/wp\/v2\/posts\/273\/revisions"}],"wp:attachment":[{"href":"https:\/\/skupstinazp.ba\/new\/wp-json\/wp\/v2\/media?parent=273"}],"wp:term":[{"taxonomy":"category","embeddable":true,"href":"https:\/\/skupstinazp.ba\/new\/wp-json\/wp\/v2\/categories?post=273"},{"taxonomy":"post_tag","embeddable":true,"href":"https:\/\/skupstinazp.ba\/new\/wp-json\/wp\/v2\/tags?post=273"}],"curies":[{"name":"wp","href":"https:\/\/api.w.org\/{rel}","templated":true}]}}