{"id":2745,"date":"2015-06-10T12:41:06","date_gmt":"2015-06-10T10:41:06","guid":{"rendered":"http:\/\/skupstinazp.ba\/wordpress_1\/?p=2745"},"modified":"2015-06-10T12:41:06","modified_gmt":"2015-06-10T10:41:06","slug":"priopcenje-za-javnost-s-viii-sjednice-kolegija-skupstine-zupanije-posavske","status":"publish","type":"post","link":"https:\/\/skupstinazp.ba\/new\/priopcenje-za-javnost-s-viii-sjednice-kolegija-skupstine-zupanije-posavske\/","title":{"rendered":"PRIOP\u0106ENJE ZA JAVNOST S VIII. SJEDNICE KOLEGIJA SKUP\u0160TINE \u017dUPANIJE POSAVSKE"},"content":{"rendered":"<p style=\"text-align: justify;\">Domaljevac, 10.06.2015. godine \u2013 Kolegij Skup\u0161tine \u017dupanije Posavske je na svojoj VIII. sjednici razmatrao i utvrdio datum i vrijeme odr\u017eavanja naredne sjednice Skup\u0161tine kao i Dnevni red iste, te konstituiraju\u0107ih sjednica skup\u0161tinskih Odbora<\/p>\n<p style=\"text-align: justify;\">III. redovna sjednica Skup\u0161tine zakazana je za \u010detvrtak 18.06.2015. godine s po\u010detkom u 10,00 sati a za sjednicu je predlo\u017een slijede\u0107i Dnevni red:<\/p>\n<ol style=\"text-align: justify;\">\n<li>Program rada Skup\u0161tine \u017dupanije Posavske za 2015. godinu<\/li>\n<li>Izvje\u0161\u0107e o radu Vlade \u017dupanije Posavske za 2014. godinu<\/li>\n<li>Program rada Vlade \u017dupanije Posavske za 2015. godinu<\/li>\n<li>Izvje\u0161\u0107e o izvr\u0161enju Prora\u010duna \u017dupanije Posavske za 2014. godinu<\/li>\n<li>Izvje\u0161\u0107e o utro\u0161ku teku\u0107ih pri\u010duva Prora\u010duna \u017dupanije Posavske za 2014. godinu<\/li>\n<li>Informacija o radu Op\u0107inskog suda u Ora\u0161ju za 2014. godinu.<\/li>\n<\/ol>\n<p style=\"text-align: justify;\">Konstituiraju\u0107e sjednice skup\u0161tinskih Odbora zakazane su za srijedu 17.06.2015. godine.<\/p>\n<p style=\"text-align: justify;\">Materijale mo\u017eete skinuti sa po\u010detne stranice klikom na sliku.<\/p>\n<p style=\"text-align: right;\">Stru\u010dna slu\u017eba Skup\u0161tine \u017dupanije Posavske<\/p>\n","protected":false},"excerpt":{"rendered":"<p>Domaljevac, 10.06.2015. godine \u2013 Kolegij Skup\u0161tine \u017dupanije Posavske je na svojoj VIII. sjednici razmatrao i utvrdio datum i vrijeme odr\u017eavanja naredne sjednice Skup\u0161tine kao i Dnevni red iste, te konstituiraju\u0107ih sjednica skup\u0161tinskih Odbora III. redovna sjednica Skup\u0161tine zakazana je za \u010detvrtak 18.06.2015. godine s po\u010detkom u 10,00 sati a za sjednicu je predlo\u017een slijede\u0107i Dnevni &hellip;<br \/><a href=\"https:\/\/skupstinazp.ba\/new\/priopcenje-za-javnost-s-viii-sjednice-kolegija-skupstine-zupanije-posavske\/\" class=\"more-link pen_button pen_element_default pen_icon_arrow_double\">Nastavite \u010ditati <span class=\"screen-reader-text\">PRIOP\u0106ENJE ZA JAVNOST S VIII. SJEDNICE KOLEGIJA SKUP\u0160TINE \u017dUPANIJE POSAVSKE<\/span><\/a><\/p>\n","protected":false},"author":2,"featured_media":2614,"comment_status":"closed","ping_status":"closed","sticky":false,"template":"","format":"standard","meta":{"footnotes":""},"categories":[3],"tags":[],"class_list":["post-2745","post","type-post","status-publish","format-standard","has-post-thumbnail","hentry","category-obavijesti"],"_links":{"self":[{"href":"https:\/\/skupstinazp.ba\/new\/wp-json\/wp\/v2\/posts\/2745","targetHints":{"allow":["GET"]}}],"collection":[{"href":"https:\/\/skupstinazp.ba\/new\/wp-json\/wp\/v2\/posts"}],"about":[{"href":"https:\/\/skupstinazp.ba\/new\/wp-json\/wp\/v2\/types\/post"}],"author":[{"embeddable":true,"href":"https:\/\/skupstinazp.ba\/new\/wp-json\/wp\/v2\/users\/2"}],"replies":[{"embeddable":true,"href":"https:\/\/skupstinazp.ba\/new\/wp-json\/wp\/v2\/comments?post=2745"}],"version-history":[{"count":0,"href":"https:\/\/skupstinazp.ba\/new\/wp-json\/wp\/v2\/posts\/2745\/revisions"}],"wp:featuredmedia":[{"embeddable":true,"href":"https:\/\/skupstinazp.ba\/new\/wp-json\/wp\/v2\/media\/2614"}],"wp:attachment":[{"href":"https:\/\/skupstinazp.ba\/new\/wp-json\/wp\/v2\/media?parent=2745"}],"wp:term":[{"taxonomy":"category","embeddable":true,"href":"https:\/\/skupstinazp.ba\/new\/wp-json\/wp\/v2\/categories?post=2745"},{"taxonomy":"post_tag","embeddable":true,"href":"https:\/\/skupstinazp.ba\/new\/wp-json\/wp\/v2\/tags?post=2745"}],"curies":[{"name":"wp","href":"https:\/\/api.w.org\/{rel}","templated":true}]}}