{"id":2764,"date":"2015-07-17T10:44:49","date_gmt":"2015-07-17T08:44:49","guid":{"rendered":"http:\/\/skupstinazp.ba\/wordpress_1\/?p=2764"},"modified":"2015-07-17T10:44:49","modified_gmt":"2015-07-17T08:44:49","slug":"cestitka-za-ramazanski-bajram-2","status":"publish","type":"post","link":"https:\/\/skupstinazp.ba\/new\/cestitka-za-ramazanski-bajram-2\/","title":{"rendered":"\u010cESTITKA ZA RAMAZANSKI BAJRAM"},"content":{"rendered":"<p style=\"text-align: justify;\">U\u00a0ime\u00a0zastupnika Skup\u0161tine \u017dupanije Posavske svim\u00a0 vjernicima\u00a0 islamske vjeroispovijesti u \u017dupaniji Posavskoj upu\u0107ujemo \u010destitke povodom Ramazanskog Bajrama sa \u017eeljom\u00a0 da ga proslave\u00a0 u duhu tradicije i obi\u010daja, u miru i\u00a0 dobrom raspolo\u017eenju. \u017delimo da ovaj veliki blagdan osna\u017ei i oja\u010da vjernike i druge dobronamjerne ljude u nastojanju da zajedno gradimo bolju budu\u0107nost, su\u017eivot i toleranciju u \u017dupaniji Posavskoj.<\/p>\n<p style=\"text-align: justify;\">Bajram \u0160erif Mubarek Olsun<\/p>\n<p>Predsjednik Skup\u0161tine: \u00a0 \u00a0 \u00a0 \u00a0 \u00a0 \u00a0 \u00a0 \u00a0 \u00a0 \u00a0 \u00a0 \u00a0 \u00a0 \u00a0 \u00a0 \u00a0 \u00a0 \u00a0Zamjenik predsjednika Skup\u0161tine:<\/p>\n<p>Joso Markovi\u0107 \u00a0 \u00a0 \u00a0 \u00a0 \u00a0 \u00a0 \u00a0 \u00a0 \u00a0 \u00a0 \u00a0 \u00a0 \u00a0 \u00a0 \u00a0 \u00a0 \u00a0 \u00a0 \u00a0 \u00a0 \u00a0 \u00a0 \u00a0 \u00a0 \u00a0 \u00a0 \u00a0 Tahir Red\u017eepovi\u0107<\/p>\n","protected":false},"excerpt":{"rendered":"<p>U\u00a0ime\u00a0zastupnika Skup\u0161tine \u017dupanije Posavske svim\u00a0 vjernicima\u00a0 islamske vjeroispovijesti u \u017dupaniji Posavskoj upu\u0107ujemo \u010destitke povodom Ramazanskog Bajrama sa \u017eeljom\u00a0 da ga proslave\u00a0 u duhu tradicije i obi\u010daja, u miru i\u00a0 dobrom raspolo\u017eenju. \u017delimo da ovaj veliki blagdan osna\u017ei i oja\u010da vjernike i druge dobronamjerne ljude u nastojanju da zajedno gradimo bolju budu\u0107nost, su\u017eivot i toleranciju u &hellip;<br \/><a href=\"https:\/\/skupstinazp.ba\/new\/cestitka-za-ramazanski-bajram-2\/\" class=\"more-link pen_button pen_element_default pen_icon_arrow_double\">Nastavite \u010ditati <span class=\"screen-reader-text\">\u010cESTITKA ZA RAMAZANSKI BAJRAM<\/span><\/a><\/p>\n","protected":false},"author":2,"featured_media":2966,"comment_status":"closed","ping_status":"closed","sticky":false,"template":"","format":"standard","meta":{"footnotes":""},"categories":[2],"tags":[],"class_list":["post-2764","post","type-post","status-publish","format-standard","has-post-thumbnail","hentry","category-novosti"],"_links":{"self":[{"href":"https:\/\/skupstinazp.ba\/new\/wp-json\/wp\/v2\/posts\/2764","targetHints":{"allow":["GET"]}}],"collection":[{"href":"https:\/\/skupstinazp.ba\/new\/wp-json\/wp\/v2\/posts"}],"about":[{"href":"https:\/\/skupstinazp.ba\/new\/wp-json\/wp\/v2\/types\/post"}],"author":[{"embeddable":true,"href":"https:\/\/skupstinazp.ba\/new\/wp-json\/wp\/v2\/users\/2"}],"replies":[{"embeddable":true,"href":"https:\/\/skupstinazp.ba\/new\/wp-json\/wp\/v2\/comments?post=2764"}],"version-history":[{"count":0,"href":"https:\/\/skupstinazp.ba\/new\/wp-json\/wp\/v2\/posts\/2764\/revisions"}],"wp:featuredmedia":[{"embeddable":true,"href":"https:\/\/skupstinazp.ba\/new\/wp-json\/wp\/v2\/media\/2966"}],"wp:attachment":[{"href":"https:\/\/skupstinazp.ba\/new\/wp-json\/wp\/v2\/media?parent=2764"}],"wp:term":[{"taxonomy":"category","embeddable":true,"href":"https:\/\/skupstinazp.ba\/new\/wp-json\/wp\/v2\/categories?post=2764"},{"taxonomy":"post_tag","embeddable":true,"href":"https:\/\/skupstinazp.ba\/new\/wp-json\/wp\/v2\/tags?post=2764"}],"curies":[{"name":"wp","href":"https:\/\/api.w.org\/{rel}","templated":true}]}}