{"id":277,"date":"2012-01-19T11:39:57","date_gmt":"2012-01-19T11:39:57","guid":{"rendered":"http:\/\/skupstinazp.ba\/?p=277"},"modified":"2012-01-19T11:39:57","modified_gmt":"2012-01-19T11:39:57","slug":"priopcenje-o-strajku-policije","status":"publish","type":"post","link":"https:\/\/skupstinazp.ba\/new\/priopcenje-o-strajku-policije\/","title":{"rendered":"Priop\u0107enje o \u0161trajku policije"},"content":{"rendered":"<p style=\"text-align: left;\"><a href=\"http:\/\/skupstinazp.ba\/wp-content\/uploads\/2011\/11\/Zgrada.jpg\"><img loading=\"lazy\" decoding=\"async\" class=\"aligncenter  wp-image-217\" title=\"Zgrada\" src=\"http:\/\/skupstinazp.ba\/wp-content\/uploads\/2011\/11\/Zgrada.jpg\" alt=\"\" width=\"500\" height=\"333\" \/><\/a>DOMALJEVAC \u2013 Zastupnici Skup\u0161tine \u017dupanije posavske razgovarali suu srijedu, 18. Sije\u010dnja 2012. godine u sjedi\u0161tu zakonodavne vlasti u Domaljevcu, o aktualnom \u0161trajku policije s \u010dlanovima <!--more Pro\u010ditaj vi\u0161e-->\u00a0Predsjedni\u0161tva Sindikata djelatnika MUP- a \u017dupanije posavske.<\/p>\n<p style=\"text-align: left;\">Zastupnicima su prezentirani razlozi stupanja u \u0161trajk policije, te zahtjevi koji su dosada upu\u0107ivani Vladi, s ciljem njegovog okon\u010danja. Iskazana je potreba dono\u0161enja Zakona o policijskim slu\u017ebenicima u \u017dupaniji posavskoj. Razgovori \u0107e se nastaviti, a vodstvo Skup\u0161tine najavilo je i susret s \u010delnicima Vlade \u017dupanije posavske.<\/p>\n<p style=\"text-align: left;\">Razgovor je put dijaloga i treba \u0161to prije izna\u0107i rje\u0161enje za izlazak iz nastale situacije kazano je sastanku. Skup\u0161tina je i do sada imala razumijevanja za problematiku \u0161trajka policije, a na sastanku je kazano kako je to prije svega dokazano uvr\u0161tavanjem informacije o stanju \u0161trajka na posljednjem skup\u0161tinskom zasjedanju. Predsjednik i dopredsjednik Skup\u0161tine Mario Jurki\u0107 i Anes Osmanovi\u0107 od po\u010detka prate situaciju i poku\u0161avaju pomo\u0107i i izna\u0107i rje\u0161enje za prekid \u0161trajka.<\/p>\n","protected":false},"excerpt":{"rendered":"<p>DOMALJEVAC \u2013 Zastupnici Skup\u0161tine \u017dupanije posavske razgovarali suu srijedu, 18. Sije\u010dnja 2012. godine u sjedi\u0161tu zakonodavne vlasti u Domaljevcu, o aktualnom \u0161trajku policije s \u010dlanovima<\/p>\n","protected":false},"author":2,"featured_media":0,"comment_status":"open","ping_status":"closed","sticky":false,"template":"","format":"standard","meta":{"footnotes":""},"categories":[2],"tags":[],"class_list":["post-277","post","type-post","status-publish","format-standard","hentry","category-novosti"],"_links":{"self":[{"href":"https:\/\/skupstinazp.ba\/new\/wp-json\/wp\/v2\/posts\/277","targetHints":{"allow":["GET"]}}],"collection":[{"href":"https:\/\/skupstinazp.ba\/new\/wp-json\/wp\/v2\/posts"}],"about":[{"href":"https:\/\/skupstinazp.ba\/new\/wp-json\/wp\/v2\/types\/post"}],"author":[{"embeddable":true,"href":"https:\/\/skupstinazp.ba\/new\/wp-json\/wp\/v2\/users\/2"}],"replies":[{"embeddable":true,"href":"https:\/\/skupstinazp.ba\/new\/wp-json\/wp\/v2\/comments?post=277"}],"version-history":[{"count":0,"href":"https:\/\/skupstinazp.ba\/new\/wp-json\/wp\/v2\/posts\/277\/revisions"}],"wp:attachment":[{"href":"https:\/\/skupstinazp.ba\/new\/wp-json\/wp\/v2\/media?parent=277"}],"wp:term":[{"taxonomy":"category","embeddable":true,"href":"https:\/\/skupstinazp.ba\/new\/wp-json\/wp\/v2\/categories?post=277"},{"taxonomy":"post_tag","embeddable":true,"href":"https:\/\/skupstinazp.ba\/new\/wp-json\/wp\/v2\/tags?post=277"}],"curies":[{"name":"wp","href":"https:\/\/api.w.org\/{rel}","templated":true}]}}