{"id":282,"date":"2012-01-27T12:46:56","date_gmt":"2012-01-27T12:46:56","guid":{"rendered":"http:\/\/skupstinazp.ba\/?p=282"},"modified":"2012-01-27T12:46:56","modified_gmt":"2012-01-27T12:46:56","slug":"predsjednik-i-dopredsjednik-skupstine-s-ravnateljima-radijskih-kuca-zupanije-posavske","status":"publish","type":"post","link":"https:\/\/skupstinazp.ba\/new\/predsjednik-i-dopredsjednik-skupstine-s-ravnateljima-radijskih-kuca-zupanije-posavske\/","title":{"rendered":"Predsjednik i dopredsjednik Skup\u0161tine s ravnateljima radijskih ku\u0107a \u017dupanije Posavske"},"content":{"rendered":"<p style=\"text-align: left;\"><a href=\"http:\/\/skupstinazp.ba\/wp-content\/uploads\/2011\/12\/Zgrada.jpg\" target=\"_blank\" rel=\"noopener\"><img loading=\"lazy\" decoding=\"async\" class=\"aligncenter  wp-image-239\" title=\"Zgrada\" src=\"http:\/\/skupstinazp.ba\/wp-content\/uploads\/2011\/12\/Zgrada.jpg\" alt=\"\" width=\"500\" height=\"333\" \/><\/a>DOMALJEVAC \u2013 Predsjednik i dopredsjednik Skup\u0161tine prof. Mario Jurki\u0107 i Anes Osmanovi\u0107 primili su ravnatelje radijskih ku\u0107a iz \u017dupanije posavske, Zdravka Markovi\u0107a, Radiopostaja Ora\u0161je, Iliju Ili\u0107a, Radiopostaja Od\u017eak i Nerfid <!--more Pro\u010ditaj vi\u0161e --> D\u017eananovi\u0107, Radio Preporod Od\u017eak.<\/p>\n<p style=\"text-align: left;\">Razgovaralo se o medijskoj prezentaciji rada Skup\u0161tine za pro\u0161lu i planovima za ovu godinu. Ravnatelji su iznijeli niz problema u radu njihovih ku\u0107a, posebno zbog polo\u017eaja njihovih ku\u0107a kao javnih servisa, koje bi trebale pomo\u0107i institucije javne vlasti. Istakli su kako su prijenosi Skup\u0161tinskih zasjedanja predugi. Nisu imali primjedbi na odnos predstavnika zakonodavne vlasti prema ekipama novinara koji su pratili tijek zasjedanja.<\/p>\n<p style=\"text-align: left;\">Predsjednik Skup\u0161tine Jurki\u0107 i dopredsjednik Osmanovi\u0107 su ravnateljima uru\u010dili skromne darove, kalendare s logom Skup\u0161tine \u017dupanije Posavske i rokovnike i izrazili nadu da \u0107e u ovoj godini suradnja s radijskim ku\u0107ama na podru\u010dju \u017dupanije Posavske biti na boljoj razini no pro\u0161le godine.<\/p>\n","protected":false},"excerpt":{"rendered":"<p>DOMALJEVAC \u2013 Predsjednik i dopredsjednik Skup\u0161tine prof. Mario Jurki\u0107 i Anes Osmanovi\u0107 primili su ravnatelje radijskih ku\u0107a iz \u017dupanije posavske, Zdravka Markovi\u0107a, Radiopostaja Ora\u0161je, Iliju Ili\u0107a, Radiopostaja Od\u017eak i Nerfid<\/p>\n","protected":false},"author":2,"featured_media":0,"comment_status":"open","ping_status":"closed","sticky":false,"template":"","format":"standard","meta":{"footnotes":""},"categories":[3],"tags":[],"class_list":["post-282","post","type-post","status-publish","format-standard","hentry","category-obavijesti"],"_links":{"self":[{"href":"https:\/\/skupstinazp.ba\/new\/wp-json\/wp\/v2\/posts\/282","targetHints":{"allow":["GET"]}}],"collection":[{"href":"https:\/\/skupstinazp.ba\/new\/wp-json\/wp\/v2\/posts"}],"about":[{"href":"https:\/\/skupstinazp.ba\/new\/wp-json\/wp\/v2\/types\/post"}],"author":[{"embeddable":true,"href":"https:\/\/skupstinazp.ba\/new\/wp-json\/wp\/v2\/users\/2"}],"replies":[{"embeddable":true,"href":"https:\/\/skupstinazp.ba\/new\/wp-json\/wp\/v2\/comments?post=282"}],"version-history":[{"count":0,"href":"https:\/\/skupstinazp.ba\/new\/wp-json\/wp\/v2\/posts\/282\/revisions"}],"wp:attachment":[{"href":"https:\/\/skupstinazp.ba\/new\/wp-json\/wp\/v2\/media?parent=282"}],"wp:term":[{"taxonomy":"category","embeddable":true,"href":"https:\/\/skupstinazp.ba\/new\/wp-json\/wp\/v2\/categories?post=282"},{"taxonomy":"post_tag","embeddable":true,"href":"https:\/\/skupstinazp.ba\/new\/wp-json\/wp\/v2\/tags?post=282"}],"curies":[{"name":"wp","href":"https:\/\/api.w.org\/{rel}","templated":true}]}}