{"id":292,"date":"2012-02-09T12:03:57","date_gmt":"2012-02-09T12:03:57","guid":{"rendered":"http:\/\/skupstinazp.ba\/?p=292"},"modified":"2012-02-09T12:03:57","modified_gmt":"2012-02-09T12:03:57","slug":"obiljezen-dan-opcine-odzak","status":"publish","type":"post","link":"https:\/\/skupstinazp.ba\/new\/obiljezen-dan-opcine-odzak\/","title":{"rendered":"Obilje\u017een Dan op\u0107ine Od\u017eak"},"content":{"rendered":"<p style=\"text-align: left;\"><a href=\"http:\/\/skupstinazp.ba\/wp-content\/uploads\/2012\/02\/DSC04795.jpg\"><img loading=\"lazy\" decoding=\"async\" class=\"aligncenter  wp-image-293\" title=\"DSC04795\" src=\"http:\/\/skupstinazp.ba\/wp-content\/uploads\/2012\/02\/DSC04795.jpg\" alt=\"\" width=\"500\" height=\"333\" srcset=\"https:\/\/skupstinazp.ba\/new\/wp-content\/uploads\/2012\/02\/DSC04795.jpg 1024w, https:\/\/skupstinazp.ba\/new\/wp-content\/uploads\/2012\/02\/DSC04795-300x200.jpg 300w, https:\/\/skupstinazp.ba\/new\/wp-content\/uploads\/2012\/02\/DSC04795-768x512.jpg 768w\" sizes=\"auto, (max-width: 500px) 100vw, 500px\" \/><\/a>OD\u017dAK \u2013 Predsjednik i dopredsjednik Skup\u0161tine \u017dupanije Posavske prof. Mario Jurki\u0107 i Anes Osmanovi\u0107 su nazo\u010dili obilje\u017eavanju Dana op\u0107ine Od\u017eak. <!--more Pro\u010ditaj vi\u0161e --> Sudjelovali su na sve\u010danoj sjednici Op\u0107inskog vije\u0107a, a potom su u ime skup\u0161tinskih zastupnika, zajedno s Mijom Matanovi\u0107em polo\u017eili vijenac na spomen obilje\u017eje poginulim braniteljima Od\u017eaka u sredi\u0161tu grada.<\/p>\n<p style=\"text-align: left;\">Zna\u010dajan je ovo datum za povijest \u017dupanije Posavske jer su se mje\u0161tani Od\u017eaka, nakon posljednjeg rata, na dana\u0161nji dan vratili na svoja ognji\u0161ta. Prvi su pripadnici vojske i policije krenuli s organizacijom \u017eivota na ovom podru\u010dju\u201c, kazano je tijekom manifestacija obilje\u017eavanja Dana op\u0107ine.<\/p>\n<p style=\"text-align: left;\">Osim vodstva Skup\u0161tine manifestacijama u Od\u017eaku su bili nazo\u010dni i brojni zastupnici Skup\u0161tine \u017dupanije Posavske.<a href=\"http:\/\/skupstinazp.ba\/wp-content\/uploads\/2012\/02\/DSC04783.jpg\"><img loading=\"lazy\" decoding=\"async\" class=\"aligncenter  wp-image-294\" title=\"DSC04783\" src=\"http:\/\/skupstinazp.ba\/wp-content\/uploads\/2012\/02\/DSC04783.jpg\" alt=\"\" width=\"500\" height=\"333\" srcset=\"https:\/\/skupstinazp.ba\/new\/wp-content\/uploads\/2012\/02\/DSC04783.jpg 1024w, https:\/\/skupstinazp.ba\/new\/wp-content\/uploads\/2012\/02\/DSC04783-300x200.jpg 300w, https:\/\/skupstinazp.ba\/new\/wp-content\/uploads\/2012\/02\/DSC04783-768x512.jpg 768w\" sizes=\"auto, (max-width: 500px) 100vw, 500px\" \/><\/a><\/p>\n","protected":false},"excerpt":{"rendered":"<p>OD\u017dAK \u2013 Predsjednik i dopredsjednik Skup\u0161tine \u017dupanije Posavske prof. Mario Jurki\u0107 i Anes Osmanovi\u0107 su nazo\u010dili obilje\u017eavanju Dana op\u0107ine Od\u017eak.<\/p>\n","protected":false},"author":2,"featured_media":0,"comment_status":"open","ping_status":"closed","sticky":false,"template":"","format":"standard","meta":{"footnotes":""},"categories":[2],"tags":[],"class_list":["post-292","post","type-post","status-publish","format-standard","hentry","category-novosti"],"_links":{"self":[{"href":"https:\/\/skupstinazp.ba\/new\/wp-json\/wp\/v2\/posts\/292","targetHints":{"allow":["GET"]}}],"collection":[{"href":"https:\/\/skupstinazp.ba\/new\/wp-json\/wp\/v2\/posts"}],"about":[{"href":"https:\/\/skupstinazp.ba\/new\/wp-json\/wp\/v2\/types\/post"}],"author":[{"embeddable":true,"href":"https:\/\/skupstinazp.ba\/new\/wp-json\/wp\/v2\/users\/2"}],"replies":[{"embeddable":true,"href":"https:\/\/skupstinazp.ba\/new\/wp-json\/wp\/v2\/comments?post=292"}],"version-history":[{"count":0,"href":"https:\/\/skupstinazp.ba\/new\/wp-json\/wp\/v2\/posts\/292\/revisions"}],"wp:attachment":[{"href":"https:\/\/skupstinazp.ba\/new\/wp-json\/wp\/v2\/media?parent=292"}],"wp:term":[{"taxonomy":"category","embeddable":true,"href":"https:\/\/skupstinazp.ba\/new\/wp-json\/wp\/v2\/categories?post=292"},{"taxonomy":"post_tag","embeddable":true,"href":"https:\/\/skupstinazp.ba\/new\/wp-json\/wp\/v2\/tags?post=292"}],"curies":[{"name":"wp","href":"https:\/\/api.w.org\/{rel}","templated":true}]}}