{"id":298,"date":"2012-02-15T10:45:18","date_gmt":"2012-02-15T10:45:18","guid":{"rendered":"http:\/\/skupstinazp.ba\/?p=298"},"modified":"2012-02-15T10:45:18","modified_gmt":"2012-02-15T10:45:18","slug":"posjet-predstavnicima-civilne-zastite-zupanije-posavske","status":"publish","type":"post","link":"https:\/\/skupstinazp.ba\/new\/posjet-predstavnicima-civilne-zastite-zupanije-posavske\/","title":{"rendered":"Posjet predstavnicima Civilne za\u0161tite \u017dupanije Posavske"},"content":{"rendered":"<p style=\"\ntext-align: center;\"><a href=\"http:\/\/skupstinazp.ba\/wp-content\/uploads\/2012\/02\/Picture-128.jpg\"><img loading=\"lazy\" decoding=\"async\" class=\"aligncenter  wp-image-299\" title=\"Picture 128\" src=\"http:\/\/skupstinazp.ba\/wp-content\/uploads\/2012\/02\/Picture-128.jpg\" alt=\"\" width=\"500\" height=\"300\" \/><\/a><\/p>\n<p>DOMALJEVAC\/ORA\u0160JE \u2013 Sjedi\u0161te \u017eupanijske Civilne za\u0161tite posjetili su predsjednik i dopredsjednik Skup\u0161tine \u017dupanije Posavske prof. Mario Jurki\u0107 i Anes Osmanovi\u0107. <!--more Pro\u010ditaj vi\u0161e --><\/p>\n<p>Razgovarali su s Ilijom Jezid\u017ei\u0107em, ravnateljem Civilne za\u0161tite \u017dupanije posavske. Teme razgovora su bile vezane uz pote\u0161ko\u010de koje su prouzrokovane posljednjim valom hladno\u0107a i snijegom. Ravnatelj Jezid\u017ei\u0107 ih je izvjestio o mjerama koje postrojbe Civilne za\u0161tite i njegovo osoblje poduzimaju na terenu kako bi se pomoglo svima kojima je pomo\u0107 neophodna. Predsjednik i dopredsjednik Sku\u0161tine Jurki\u0107 i Osmanovi\u0107 su se zanimali za budu\u0107e aktivnosti Civilne za\u0161tite, nakon topljenja snijega.<\/p>\n<p>Jezid\u017ei\u0107 je iznio planove rada za mogu\u0107e stanje poplava. Zaklju\u010dak sastanka u sjedi\u0161tu Civilne za\u0161tite \u017dupanije Posavske u Ora\u0161ju, koji je odr\u017ean u utorak, 14. velja\u010de 2012. godine, da za sada nema potrebe progla\u0161avati stanje elementarne nepogode, a ako se stanje pogor\u0161a Civilna za\u0161tita \u0107e predlo\u017eiti uvo\u0111enje mjera koje budu neophodne u tom trenutku.<\/p>\n","protected":false},"excerpt":{"rendered":"<p>DOMALJEVAC\/ORA\u0160JE \u2013 Sjedi\u0161te \u017eupanijske Civilne za\u0161tite posjetili su predsjednik i dopredsjednik Skup\u0161tine \u017dupanije Posavske prof. Mario Jurki\u0107 i Anes Osmanovi\u0107.<\/p>\n","protected":false},"author":2,"featured_media":0,"comment_status":"open","ping_status":"closed","sticky":false,"template":"","format":"standard","meta":{"footnotes":""},"categories":[2],"tags":[],"class_list":["post-298","post","type-post","status-publish","format-standard","hentry","category-novosti"],"_links":{"self":[{"href":"https:\/\/skupstinazp.ba\/new\/wp-json\/wp\/v2\/posts\/298","targetHints":{"allow":["GET"]}}],"collection":[{"href":"https:\/\/skupstinazp.ba\/new\/wp-json\/wp\/v2\/posts"}],"about":[{"href":"https:\/\/skupstinazp.ba\/new\/wp-json\/wp\/v2\/types\/post"}],"author":[{"embeddable":true,"href":"https:\/\/skupstinazp.ba\/new\/wp-json\/wp\/v2\/users\/2"}],"replies":[{"embeddable":true,"href":"https:\/\/skupstinazp.ba\/new\/wp-json\/wp\/v2\/comments?post=298"}],"version-history":[{"count":0,"href":"https:\/\/skupstinazp.ba\/new\/wp-json\/wp\/v2\/posts\/298\/revisions"}],"wp:attachment":[{"href":"https:\/\/skupstinazp.ba\/new\/wp-json\/wp\/v2\/media?parent=298"}],"wp:term":[{"taxonomy":"category","embeddable":true,"href":"https:\/\/skupstinazp.ba\/new\/wp-json\/wp\/v2\/categories?post=298"},{"taxonomy":"post_tag","embeddable":true,"href":"https:\/\/skupstinazp.ba\/new\/wp-json\/wp\/v2\/tags?post=298"}],"curies":[{"name":"wp","href":"https:\/\/api.w.org\/{rel}","templated":true}]}}