{"id":3027,"date":"2015-12-22T12:17:23","date_gmt":"2015-12-22T11:47:23","guid":{"rendered":"http:\/\/skupstinazp.ba\/Nova\/?p=3027"},"modified":"2015-12-22T12:17:23","modified_gmt":"2015-12-22T11:47:23","slug":"zakazana-vi-sjednica-skupstine-zupanije-posavske","status":"publish","type":"post","link":"https:\/\/skupstinazp.ba\/new\/zakazana-vi-sjednica-skupstine-zupanije-posavske\/","title":{"rendered":"ZAKAZANA VI. SJEDNICA SKUP\u0160TINE \u017dUPANIJE POSAVSKE"},"content":{"rendered":"<p style=\"text-align: justify;\">Domaljevac, 22.12.2015. godine \u2013 Kolegij Skup\u0161tine \u017dupanije Posavske je na svojoj XII. sjednici odr\u017eanoj 21.12.2015. godine razmatrao i utvrdio datum i vrijeme odr\u017eavanja naredne sjednice Skup\u0161tine kao i Dnevni red iste.<br \/>\nVI. redovna sjednica Skup\u0161tine zakazana je za srijedu 30.12.2015. godine s po\u010detkom u 10,00 sati a za sjednicu je predlo\u017een slijede\u0107i Dnevni red:<br \/>\n1. Prijedlog Prora\u010duna \u017dupanije Posavske za 2016. godinu<br \/>\n2. Prijedlog zakona o izvr\u0161avanju Prora\u010duna \u017dupanije Posavske za 2016. godinu<br \/>\n3. Dokument okvirnog Prora\u010duna \u017dupanije Posavske za razdoblje 2016-2018 godina<br \/>\n4. Nacrt zakona o javnom okupljanju<br \/>\n5. Nacrt zakona o prekr\u0161ajima protiv javnog reda i mira<br \/>\n6. Prijedlog odluke o pokretanju postupka imenovanja \u017dupanijskog pravobranitelja<br \/>\n7. Prijedlog odluke o raspisivanju ponovnog Natje\u010daja za izbor i imenovanje Neovisnog<br \/>\nodbora za izbor i reviziju<br \/>\n8. Informacija o Izvje\u0161\u0107u o radu \u017dupanijske uprave za inspekcijske poslove za 2014.g.<br \/>\n9. Informacija o Izvje\u0161\u0107u o radu \u017dupanijskog zavoda za pru\u017eanje pravne pomo\u0107i za 2014. g.<\/p>\n<p style=\"text-align: justify;\">Sjednice skup\u0161tinskih Odbora zakazane su za utorak 29.12.2015. godine.<\/p>\n<p style=\"text-align: right;\">Stru\u010dna slu\u017eba Skup\u0161tine \u017dupanije Posavske<\/p>\n","protected":false},"excerpt":{"rendered":"<p>Domaljevac, 22.12.2015. godine \u2013 Kolegij Skup\u0161tine \u017dupanije Posavske je na svojoj XII. sjednici odr\u017eanoj 21.12.2015. godine razmatrao i utvrdio datum i vrijeme odr\u017eavanja naredne sjednice Skup\u0161tine kao i Dnevni red iste. VI. redovna sjednica Skup\u0161tine zakazana je za srijedu 30.12.2015. godine s po\u010detkom u 10,00 sati a za sjednicu je predlo\u017een slijede\u0107i Dnevni red: 1. &hellip;<br \/><a href=\"https:\/\/skupstinazp.ba\/new\/zakazana-vi-sjednica-skupstine-zupanije-posavske\/\" class=\"more-link pen_button pen_element_default pen_icon_arrow_double\">Nastavite \u010ditati <span class=\"screen-reader-text\">ZAKAZANA VI. SJEDNICA SKUP\u0160TINE \u017dUPANIJE POSAVSKE<\/span><\/a><\/p>\n","protected":false},"author":2,"featured_media":2955,"comment_status":"closed","ping_status":"closed","sticky":false,"template":"","format":"standard","meta":{"footnotes":""},"categories":[3],"tags":[],"class_list":["post-3027","post","type-post","status-publish","format-standard","has-post-thumbnail","hentry","category-obavijesti"],"_links":{"self":[{"href":"https:\/\/skupstinazp.ba\/new\/wp-json\/wp\/v2\/posts\/3027","targetHints":{"allow":["GET"]}}],"collection":[{"href":"https:\/\/skupstinazp.ba\/new\/wp-json\/wp\/v2\/posts"}],"about":[{"href":"https:\/\/skupstinazp.ba\/new\/wp-json\/wp\/v2\/types\/post"}],"author":[{"embeddable":true,"href":"https:\/\/skupstinazp.ba\/new\/wp-json\/wp\/v2\/users\/2"}],"replies":[{"embeddable":true,"href":"https:\/\/skupstinazp.ba\/new\/wp-json\/wp\/v2\/comments?post=3027"}],"version-history":[{"count":0,"href":"https:\/\/skupstinazp.ba\/new\/wp-json\/wp\/v2\/posts\/3027\/revisions"}],"wp:featuredmedia":[{"embeddable":true,"href":"https:\/\/skupstinazp.ba\/new\/wp-json\/wp\/v2\/media\/2955"}],"wp:attachment":[{"href":"https:\/\/skupstinazp.ba\/new\/wp-json\/wp\/v2\/media?parent=3027"}],"wp:term":[{"taxonomy":"category","embeddable":true,"href":"https:\/\/skupstinazp.ba\/new\/wp-json\/wp\/v2\/categories?post=3027"},{"taxonomy":"post_tag","embeddable":true,"href":"https:\/\/skupstinazp.ba\/new\/wp-json\/wp\/v2\/tags?post=3027"}],"curies":[{"name":"wp","href":"https:\/\/api.w.org\/{rel}","templated":true}]}}