{"id":3128,"date":"2016-05-19T08:56:17","date_gmt":"2016-05-19T08:26:17","guid":{"rendered":"http:\/\/skupstinazp.ba\/Nova\/?p=3128"},"modified":"2016-05-19T08:56:17","modified_gmt":"2016-05-19T08:26:17","slug":"regionalnom-sastanku-u-organizaciji-misije-osce-a-u-bosni-i-hercegovini","status":"publish","type":"post","link":"https:\/\/skupstinazp.ba\/new\/regionalnom-sastanku-u-organizaciji-misije-osce-a-u-bosni-i-hercegovini\/","title":{"rendered":"REGIONALNOM SASTANKU U ORGANIZACIJI MISIJE OSCE-a U BOSNI I HERCEGOVINI"},"content":{"rendered":"<p style=\"text-align: justify;\">TUZLA, 17.05.2016. godine \u2013 Vr\u0161iteljica du\u017enosti Tajnika Skup\u0161tine \u017dupanije Posavske \u2013 Lucija Mati\u0107, dipl.iur, sudjelovala je na Regionalnom sastanku predsjednika i tajnika (sekretara) \u00a0op\u0107inskih i gradskih vije\u0107a Tuzlanskog kantona i \u017dupanije Posavske u organizaciji Misije OSCE-a u Bosni i Hercegovini.<\/p>\n<p style=\"text-align: justify;\">Teme sastanka su bile: aktivnosti i budu\u0107i planovi Saveza op\u0107ina i gradova FBiH, Etika i uklju\u010denost Komisija za eti\u010dki kodeks u toku izborne kampanje, Proces primopredaje du\u017enosti novoizabranim zastupnicima u skup\u0161tinama i op\u0107inskim-gradskim vije\u0107ima i upoznavanje novoizabranih vije\u0107nika\/zastupnika sa njihovom ulogom i du\u017enostima.<\/p>\n<p style=\"text-align: justify;\">Dragica Karad\u017ein &#8211; vr\u0161iteljica du\u017enosti \u0161efa Kancelarije Misije OSCE-a u tuzlanskom uredu navela je da je potrebno\u00a0 osigurati da op\u0107inska-gradska\u00a0 vije\u0107a rade kontinuirano,\u00a0 naglasiv\u0161i\u00a0 da je evidentno da u predizbornom periodu dinamika rada svakog\u00a0 vije\u0107a uvijek opada, napomenuv\u0161i da ukoliko se takav trend nastavi i poslije izbora, mo\u017ee do\u0107i\u00a0 do du\u017eeg zastoja, \u0161to se\u00a0 odra\u017eava i na kraj godine kada se donose va\u017eni strate\u0161ki dokumenti.<\/p>\n<p style=\"text-align: center;\"><img loading=\"lazy\" decoding=\"async\" class=\"aligncenter size-medium wp-image-3129\" src=\"https:\/\/skupstinazp.ba\/new\/wp-content\/uploads\/2016\/05\/1705_osce-300x180.jpg\" alt=\"1705_osce\" width=\"300\" height=\"180\" srcset=\"https:\/\/skupstinazp.ba\/new\/wp-content\/uploads\/2016\/05\/1705_osce-300x180.jpg 300w, https:\/\/skupstinazp.ba\/new\/wp-content\/uploads\/2016\/05\/1705_osce.jpg 750w\" sizes=\"auto, (max-width: 300px) 100vw, 300px\" \/>Foto: FENA<\/p>\n<p style=\"text-align: justify;\">Lucija Mati\u0107 u svom izlaganju na temu primopredaje du\u017enosti izme\u0111u dva saziva Skup\u0161tine upoznala je prisutne sudionike Regionalnog sastanka s ovim procesom u Skup\u0161tini \u017dupanije Posavske koji je propisan Ustavom i Poslovnikom a tako\u0111e i s primjerima koji su se pokazali kao dobra praksa u procesu primopredaje du\u017enosti, a jedan takav primjer je odr\u017eavanje sastanka sa svim politi\u010dkim subjektima koji su osvojili mandate za novi saziv skup\u0161tine prije samog odr\u017eavanja konstituiraju\u0107e sjednice novog saziva.<\/p>\n<p style=\"text-align: justify;\">Tako\u0111er je na temu \u201eUpoznavanje novoizabranih zastupnika sa njihovom ulogom i du\u017enostima\u201c prisutnima prezentirala primjere dobre prakse u ovom procesu, kao \u0161to su dostavljanje svih potrebnih slu\u017ebenih propisa zastupnicima, seta obrazaca koji su potrebni radi evidencija slu\u017ebe, statistike i Sredi\u0161njeg izbornog povjerenstva te upu\u0107ivanje pisma dobrodo\u0161lice od strane Stru\u010dne slu\u017ebe kojim se zastupnici upoznaju o nadle\u017enosti Slu\u017ebe kao i o osobama koje rade u Slu\u017ebe te kontakt podacima.<\/p>\n<p style=\"text-align: justify;\">Sastanku su tako\u0111er prisustvovali predstavnici op\u0107inskih vije\u0107a op\u0107ina: Ora\u0161je, Od\u017eak, Grada\u010dac, Gra\u010danica, Teo\u010dak, Kalesija, Lukavac, Banovi\u0107i, \u017divinice i Srebrenik, te predstavnici skup\u0161tine Tuzlanskog kantona.<\/p>\n","protected":false},"excerpt":{"rendered":"<p>TUZLA, 17.05.2016. godine \u2013 Vr\u0161iteljica du\u017enosti Tajnika Skup\u0161tine \u017dupanije Posavske \u2013 Lucija Mati\u0107, dipl.iur, sudjelovala je na Regionalnom sastanku predsjednika i tajnika (sekretara) \u00a0op\u0107inskih i gradskih vije\u0107a Tuzlanskog kantona i \u017dupanije Posavske u organizaciji Misije OSCE-a u Bosni i Hercegovini. Teme sastanka su bile: aktivnosti i budu\u0107i planovi Saveza op\u0107ina i gradova FBiH, Etika i &hellip;<br \/><a href=\"https:\/\/skupstinazp.ba\/new\/regionalnom-sastanku-u-organizaciji-misije-osce-a-u-bosni-i-hercegovini\/\" class=\"more-link pen_button pen_element_default pen_icon_arrow_double\">Nastavite \u010ditati <span class=\"screen-reader-text\">REGIONALNOM SASTANKU U ORGANIZACIJI MISIJE OSCE-a U BOSNI I HERCEGOVINI<\/span><\/a><\/p>\n","protected":false},"author":2,"featured_media":3129,"comment_status":"closed","ping_status":"closed","sticky":false,"template":"","format":"standard","meta":{"footnotes":""},"categories":[2,3],"tags":[],"class_list":["post-3128","post","type-post","status-publish","format-standard","has-post-thumbnail","hentry","category-novosti","category-obavijesti"],"_links":{"self":[{"href":"https:\/\/skupstinazp.ba\/new\/wp-json\/wp\/v2\/posts\/3128","targetHints":{"allow":["GET"]}}],"collection":[{"href":"https:\/\/skupstinazp.ba\/new\/wp-json\/wp\/v2\/posts"}],"about":[{"href":"https:\/\/skupstinazp.ba\/new\/wp-json\/wp\/v2\/types\/post"}],"author":[{"embeddable":true,"href":"https:\/\/skupstinazp.ba\/new\/wp-json\/wp\/v2\/users\/2"}],"replies":[{"embeddable":true,"href":"https:\/\/skupstinazp.ba\/new\/wp-json\/wp\/v2\/comments?post=3128"}],"version-history":[{"count":0,"href":"https:\/\/skupstinazp.ba\/new\/wp-json\/wp\/v2\/posts\/3128\/revisions"}],"wp:featuredmedia":[{"embeddable":true,"href":"https:\/\/skupstinazp.ba\/new\/wp-json\/wp\/v2\/media\/3129"}],"wp:attachment":[{"href":"https:\/\/skupstinazp.ba\/new\/wp-json\/wp\/v2\/media?parent=3128"}],"wp:term":[{"taxonomy":"category","embeddable":true,"href":"https:\/\/skupstinazp.ba\/new\/wp-json\/wp\/v2\/categories?post=3128"},{"taxonomy":"post_tag","embeddable":true,"href":"https:\/\/skupstinazp.ba\/new\/wp-json\/wp\/v2\/tags?post=3128"}],"curies":[{"name":"wp","href":"https:\/\/api.w.org\/{rel}","templated":true}]}}