{"id":3149,"date":"2016-07-04T11:01:37","date_gmt":"2016-07-04T10:31:37","guid":{"rendered":"http:\/\/skupstinazp.ba\/Nova\/?p=3149"},"modified":"2016-07-04T11:01:37","modified_gmt":"2016-07-04T10:31:37","slug":"cestitka-za-ramazanski-bajram-3","status":"publish","type":"post","link":"https:\/\/skupstinazp.ba\/new\/cestitka-za-ramazanski-bajram-3\/","title":{"rendered":"\u010cESTITKA ZA RAMAZANSKI BAJRAM"},"content":{"rendered":"<p style=\"text-align: justify;\">Povodom Ramazanskog Bajrama, svim vjernicima islamske vjeroispovijesti \u017eelimo da Bajram provedu u radosti i zajedni\u0161tvu sa svojim bli\u017enjim i susjedima \u010duvaju\u0107i svoje a po\u0161tivaju\u0107i druge.<\/p>\n<p style=\"text-align: center;\">Bajram \u0160erif Mubarek Olsun.<\/p>\n<p style=\"text-align: justify;\">Predsjednik i zamjenik predsjednika Skup\u0161tine \u017dupanije Posavske, Joso Markovi\u0107 i Tahir Red\u017eepovi\u0107.<\/p>\n<p style=\"text-align: center;\"><img loading=\"lazy\" decoding=\"async\" class=\"aligncenter size-medium wp-image-3150\" src=\"https:\/\/skupstinazp.ba\/new\/wp-content\/uploads\/2016\/07\/Bajram-serif-mubarek-olsun-300x200.png\" alt=\"Bajram serif mubarek olsun\" width=\"300\" height=\"200\" srcset=\"https:\/\/skupstinazp.ba\/new\/wp-content\/uploads\/2016\/07\/Bajram-serif-mubarek-olsun-300x200.png 300w, https:\/\/skupstinazp.ba\/new\/wp-content\/uploads\/2016\/07\/Bajram-serif-mubarek-olsun-768x511.png 768w, https:\/\/skupstinazp.ba\/new\/wp-content\/uploads\/2016\/07\/Bajram-serif-mubarek-olsun.png 976w\" sizes=\"auto, (max-width: 300px) 100vw, 300px\" \/><\/p>\n","protected":false},"excerpt":{"rendered":"<p>Povodom Ramazanskog Bajrama, svim vjernicima islamske vjeroispovijesti \u017eelimo da Bajram provedu u radosti i zajedni\u0161tvu sa svojim bli\u017enjim i susjedima \u010duvaju\u0107i svoje a po\u0161tivaju\u0107i druge. Bajram \u0160erif Mubarek Olsun. Predsjednik i zamjenik predsjednika Skup\u0161tine \u017dupanije Posavske, Joso Markovi\u0107 i Tahir Red\u017eepovi\u0107.<\/p>\n","protected":false},"author":2,"featured_media":3150,"comment_status":"closed","ping_status":"closed","sticky":false,"template":"","format":"standard","meta":{"footnotes":""},"categories":[2,3],"tags":[],"class_list":["post-3149","post","type-post","status-publish","format-standard","has-post-thumbnail","hentry","category-novosti","category-obavijesti"],"_links":{"self":[{"href":"https:\/\/skupstinazp.ba\/new\/wp-json\/wp\/v2\/posts\/3149","targetHints":{"allow":["GET"]}}],"collection":[{"href":"https:\/\/skupstinazp.ba\/new\/wp-json\/wp\/v2\/posts"}],"about":[{"href":"https:\/\/skupstinazp.ba\/new\/wp-json\/wp\/v2\/types\/post"}],"author":[{"embeddable":true,"href":"https:\/\/skupstinazp.ba\/new\/wp-json\/wp\/v2\/users\/2"}],"replies":[{"embeddable":true,"href":"https:\/\/skupstinazp.ba\/new\/wp-json\/wp\/v2\/comments?post=3149"}],"version-history":[{"count":0,"href":"https:\/\/skupstinazp.ba\/new\/wp-json\/wp\/v2\/posts\/3149\/revisions"}],"wp:featuredmedia":[{"embeddable":true,"href":"https:\/\/skupstinazp.ba\/new\/wp-json\/wp\/v2\/media\/3150"}],"wp:attachment":[{"href":"https:\/\/skupstinazp.ba\/new\/wp-json\/wp\/v2\/media?parent=3149"}],"wp:term":[{"taxonomy":"category","embeddable":true,"href":"https:\/\/skupstinazp.ba\/new\/wp-json\/wp\/v2\/categories?post=3149"},{"taxonomy":"post_tag","embeddable":true,"href":"https:\/\/skupstinazp.ba\/new\/wp-json\/wp\/v2\/tags?post=3149"}],"curies":[{"name":"wp","href":"https:\/\/api.w.org\/{rel}","templated":true}]}}