{"id":3170,"date":"2016-11-08T11:04:31","date_gmt":"2016-11-08T10:34:31","guid":{"rendered":"http:\/\/skupstinazp.ba\/Nova\/?p=3170"},"modified":"2016-11-08T11:04:31","modified_gmt":"2016-11-08T10:34:31","slug":"zakazana-v-izvanredna-sjednica-skupstine-zupanije-posavske","status":"publish","type":"post","link":"https:\/\/skupstinazp.ba\/new\/zakazana-v-izvanredna-sjednica-skupstine-zupanije-posavske\/","title":{"rendered":"ZAKAZANA V. IZVANREDNA SJEDNICA SKUP\u0160TINE \u017dUPANIJE POSAVSKE"},"content":{"rendered":"<p style=\"text-align: justify;\">DOMALJEVAC, 08.11.2016. godine \u2013 Povodom najnovijih uhi\u0107enja pripadnika HVO zakazana je V. izvanredna sjednica Skup\u0161tine \u017dupanije Posavske.<\/p>\n<p style=\"text-align: justify;\">Sjednica Skup\u0161tine zakazana je za 09.11.2016. godine (srijeda) u 12,00 sati u dvorani za sjednice Skup\u0161tine \u017dupanije Posavske u Domaljevcu.<\/p>\n<p style=\"text-align: justify;\">Pored zastupnika na sjednicu su pozvani Predsjednik i \u010dlanovi Vlade \u017dupanije Posavske, predstavnici Udruga proisteklih iz Domovinskog rata, \u010dlanovi obitelji uhi\u0107enih pripadnika HVO i mediji.<\/p>\n<p style=\"text-align: right;\">Stru\u010dna slu\u017eba Skup\u0161tine<\/p>\n","protected":false},"excerpt":{"rendered":"<p>DOMALJEVAC, 08.11.2016. godine \u2013 Povodom najnovijih uhi\u0107enja pripadnika HVO zakazana je V. izvanredna sjednica Skup\u0161tine \u017dupanije Posavske. Sjednica Skup\u0161tine zakazana je za 09.11.2016. godine (srijeda) u 12,00 sati u dvorani za sjednice Skup\u0161tine \u017dupanije Posavske u Domaljevcu. Pored zastupnika na sjednicu su pozvani Predsjednik i \u010dlanovi Vlade \u017dupanije Posavske, predstavnici Udruga proisteklih iz Domovinskog rata, &hellip;<br \/><a href=\"https:\/\/skupstinazp.ba\/new\/zakazana-v-izvanredna-sjednica-skupstine-zupanije-posavske\/\" class=\"more-link pen_button pen_element_default pen_icon_arrow_double\">Nastavite \u010ditati <span class=\"screen-reader-text\">ZAKAZANA V. IZVANREDNA SJEDNICA SKUP\u0160TINE \u017dUPANIJE POSAVSKE<\/span><\/a><\/p>\n","protected":false},"author":2,"featured_media":2963,"comment_status":"closed","ping_status":"closed","sticky":false,"template":"","format":"standard","meta":{"footnotes":""},"categories":[2,3],"tags":[],"class_list":["post-3170","post","type-post","status-publish","format-standard","has-post-thumbnail","hentry","category-novosti","category-obavijesti"],"_links":{"self":[{"href":"https:\/\/skupstinazp.ba\/new\/wp-json\/wp\/v2\/posts\/3170","targetHints":{"allow":["GET"]}}],"collection":[{"href":"https:\/\/skupstinazp.ba\/new\/wp-json\/wp\/v2\/posts"}],"about":[{"href":"https:\/\/skupstinazp.ba\/new\/wp-json\/wp\/v2\/types\/post"}],"author":[{"embeddable":true,"href":"https:\/\/skupstinazp.ba\/new\/wp-json\/wp\/v2\/users\/2"}],"replies":[{"embeddable":true,"href":"https:\/\/skupstinazp.ba\/new\/wp-json\/wp\/v2\/comments?post=3170"}],"version-history":[{"count":0,"href":"https:\/\/skupstinazp.ba\/new\/wp-json\/wp\/v2\/posts\/3170\/revisions"}],"wp:featuredmedia":[{"embeddable":true,"href":"https:\/\/skupstinazp.ba\/new\/wp-json\/wp\/v2\/media\/2963"}],"wp:attachment":[{"href":"https:\/\/skupstinazp.ba\/new\/wp-json\/wp\/v2\/media?parent=3170"}],"wp:term":[{"taxonomy":"category","embeddable":true,"href":"https:\/\/skupstinazp.ba\/new\/wp-json\/wp\/v2\/categories?post=3170"},{"taxonomy":"post_tag","embeddable":true,"href":"https:\/\/skupstinazp.ba\/new\/wp-json\/wp\/v2\/tags?post=3170"}],"curies":[{"name":"wp","href":"https:\/\/api.w.org\/{rel}","templated":true}]}}