{"id":3172,"date":"2016-11-09T15:27:23","date_gmt":"2016-11-09T14:57:23","guid":{"rendered":"http:\/\/skupstinazp.ba\/Nova\/?p=3172"},"modified":"2016-11-09T15:27:23","modified_gmt":"2016-11-09T14:57:23","slug":"priopcenje-za-javnost-s-v-izvanredne-sjednice-skupstine-zupanije-posavske","status":"publish","type":"post","link":"https:\/\/skupstinazp.ba\/new\/priopcenje-za-javnost-s-v-izvanredne-sjednice-skupstine-zupanije-posavske\/","title":{"rendered":"PRIOP\u0106ENJE ZA JAVNOST S V. IZVANREDNE SJEDNICE SKUP\u0160TINE \u017dUPANIJE POSAVSKE"},"content":{"rendered":"<p style=\"text-align: justify;\">DOMALJEVAC \u2013 Skup\u0161tina \u017dupanije Posavske na V. izvanrednoj sjednici, odr\u017eanoj 09.11.2016. godine nakon razmatranja to\u010dke dnevnog reda \u2013 Uhi\u0107enje pripadnika HVO-a, usvojila je slijede\u0107i ZAKLJU\u010cAK:<\/p>\n<ol style=\"text-align: justify;\">\n<li>Skup\u0161tina \u017dupanije Posavske o\u0161tro osu\u0111uje selektivna uhi\u0107enja pripadnika HVO-a Bosanske Posavine, a u isto vrijeme nitko nije priveden, procesuiran i osu\u0111en za zlo\u010dine nad pripadnicima HVO-a i civilima Bosanske Posavine.<\/li>\n<li>Skup\u0161tina \u017dupanije Posavske nagla\u0161ava da je Domovinski rat imao obrambeni karakter i na podru\u010dju Posavine je organiziran i vo\u0111en radi obrane domova, \u017eivota i opstojnosti. Na obranjenom podru\u010dju nije bilo masovnih ubojstava, masovnih grobnica, protjerivanja civilnog stanovni\u0161tva ni sustavnih i planiranih zlo\u010dina koji se mogu pripisati postrojbama HVO-a Bosanske Posavine.<\/li>\n<li>Skup\u0161tina \u017dupanije Posavske vjeruje u pravnu dr\u017eavu i rad pravosudnih institucija BiH te o\u010dekuje da \u0107e odgovorni za po\u010dinjene zlo\u010dine biti privedeni i procesuirani, a nedu\u017eni i oni koji su privedeni po politi\u010dki motiviranim optu\u017enicama biti pu\u0161teni na slobodu.<\/li>\n<li>Skup\u0161tina \u017dupanije Posavske zadu\u017euje Vladu \u017dupanije Posavske i Ministarstvo branitelja \u017dupanije Posavske da svim osumnji\u010denim pripadnicima HVO-a Bosanske Posavine pru\u017ee pravnu i financijsku pomo\u0107 kako bi im pomogli u dokazivanju nevinosti pred pravosudnim institucijama BiH.<\/li>\n<li>Skup\u0161tina \u017dupanije Posavske tako\u0111er zadu\u017euje Vladu \u017dupanije Posavske da oformi koordinacijsko tijelo za pomo\u0107 i suradnju s obiteljima osumnji\u010denih i procesuiranih pripadnika HVO-a Bosanske Posavine.<\/li>\n<\/ol>\n<p style=\"text-align: justify;\">Sjednici su nazo\u010dili \u010dlanovi obitelji uhi\u0107enih pripadnika HVO-a i predstavnici Udruga proisteklih iz Domovinskog rata.<\/p>\n<p style=\"text-align: right;\">\u00a0\u00a0\u00a0\u00a0\u00a0\u00a0\u00a0\u00a0\u00a0\u00a0\u00a0\u00a0\u00a0\u00a0\u00a0\u00a0\u00a0\u00a0\u00a0\u00a0\u00a0\u00a0\u00a0\u00a0\u00a0\u00a0\u00a0\u00a0\u00a0\u00a0\u00a0\u00a0\u00a0\u00a0\u00a0\u00a0\u00a0\u00a0\u00a0\u00a0\u00a0\u00a0\u00a0\u00a0\u00a0\u00a0\u00a0\u00a0\u00a0\u00a0\u00a0\u00a0\u00a0\u00a0\u00a0\u00a0\u00a0\u00a0\u00a0\u00a0\u00a0\u00a0\u00a0\u00a0\u00a0\u00a0\u00a0\u00a0\u00a0\u00a0\u00a0\u00a0\u00a0\u00a0\u00a0\u00a0\u00a0\u00a0\u00a0\u00a0\u00a0\u00a0\u00a0<strong>Stru\u010dna slu\u017eba Skup\u0161tine<\/strong><\/p>\n<p style=\"text-align: left;\">Audio zapis:<\/p>\n<p style=\"text-align: left;\">1.dio<\/p>\n<p><object id=\"GNRMApr9_9572176\" name=\"GNRMApr9_9572176\" width=\"100%\" height=\"80\" classid=\"clsid:D27CDB6E-AE6D-11cf-96B8-444553540000\" codebase=\"http:\/\/download.adobe.com\/pub\/shockwave\/cabs\/flash\/swflash.cab#version=10,0,0,0\"><param name=\"movie\" value=\"http:\/\/www50.zippyshare.com\/swf\/player_local.swf?file=GNRMApr9&amp;server=50&amp;baseurl=http:\/\/www.zippyshare.com\/api\/&amp;flashid=null&amp;autostart=false&amp;availablequality=both&amp;bordercolor=#CCCCCC&amp;forecolor=#000000&amp;backcolor=#F2F2F2&amp;darkcolor=#000000&amp;lightcolor=#FF6600\" \/><param name=\"quality\" value=\"high\" \/><param name=\"scriptAccess\" value=\"always\" \/><embed src=\"http:\/\/www50.zippyshare.com\/swf\/player_local.swf?file=GNRMApr9&amp;server=50&amp;baseurl=http:\/\/www.zippyshare.com\/api\/&amp;flashid=null&amp;autostart=false&amp;availablequality=both&amp;bordercolor=#CCCCCC&amp;forecolor=#000000&amp;backcolor=#F2F2F2&amp;darkcolor=#000000&amp;lightcolor=#FF6600\" width=\"100%\" height=\"80\" quality=\"high\" pluginspage=\"http:\/\/www.adobe.com\/go\/getflashplayer\" type=\"application\/x-shockwave-flash\" scriptaccess=\"always\" name=\"GNRMApr9_9572176\" \/><\/object><\/p>\n<p style=\"text-align: left;\">2.dio<\/p>\n<p><object id=\"18JWs2ig_95919189\" name=\"18JWs2ig_95919189\" width=\"100%\" height=\"80\" classid=\"clsid:D27CDB6E-AE6D-11cf-96B8-444553540000\" codebase=\"http:\/\/download.adobe.com\/pub\/shockwave\/cabs\/flash\/swflash.cab#version=10,0,0,0\"><param name=\"movie\" value=\"http:\/\/www108.zippyshare.com\/swf\/player_local.swf?file=18JWs2ig&amp;server=108&amp;baseurl=http:\/\/www.zippyshare.com\/api\/&amp;flashid=null&amp;autostart=false&amp;availablequality=both&amp;bordercolor=#CCCCCC&amp;forecolor=#000000&amp;backcolor=#F2F2F2&amp;darkcolor=#000000&amp;lightcolor=#FF6600\" \/><param name=\"quality\" value=\"high\" \/><param name=\"scriptAccess\" value=\"always\" \/><embed src=\"http:\/\/www108.zippyshare.com\/swf\/player_local.swf?file=18JWs2ig&amp;server=108&amp;baseurl=http:\/\/www.zippyshare.com\/api\/&amp;flashid=null&amp;autostart=false&amp;availablequality=both&amp;bordercolor=#CCCCCC&amp;forecolor=#000000&amp;backcolor=#F2F2F2&amp;darkcolor=#000000&amp;lightcolor=#FF6600\" width=\"100%\" height=\"80\" quality=\"high\" pluginspage=\"http:\/\/www.adobe.com\/go\/getflashplayer\" type=\"application\/x-shockwave-flash\" scriptaccess=\"always\" name=\"18JWs2ig_95919189\" \/><\/object><\/p>\n","protected":false},"excerpt":{"rendered":"<p>DOMALJEVAC \u2013 Skup\u0161tina \u017dupanije Posavske na V. izvanrednoj sjednici, odr\u017eanoj 09.11.2016. godine nakon razmatranja to\u010dke dnevnog reda \u2013 Uhi\u0107enje pripadnika HVO-a, usvojila je slijede\u0107i ZAKLJU\u010cAK: Skup\u0161tina \u017dupanije Posavske o\u0161tro osu\u0111uje selektivna uhi\u0107enja pripadnika HVO-a Bosanske Posavine, a u isto vrijeme nitko nije priveden, procesuiran i osu\u0111en za zlo\u010dine nad pripadnicima HVO-a i civilima Bosanske Posavine. &hellip;<br \/><a href=\"https:\/\/skupstinazp.ba\/new\/priopcenje-za-javnost-s-v-izvanredne-sjednice-skupstine-zupanije-posavske\/\" class=\"more-link pen_button pen_element_default pen_icon_arrow_double\">Nastavite \u010ditati <span class=\"screen-reader-text\">PRIOP\u0106ENJE ZA JAVNOST S V. IZVANREDNE SJEDNICE SKUP\u0160TINE \u017dUPANIJE POSAVSKE<\/span><\/a><\/p>\n","protected":false},"author":2,"featured_media":3173,"comment_status":"closed","ping_status":"closed","sticky":false,"template":"","format":"standard","meta":{"footnotes":""},"categories":[2,3],"tags":[60,71,87],"class_list":["post-3172","post","type-post","status-publish","format-standard","has-post-thumbnail","hentry","category-novosti","category-obavijesti","tag-posavske","tag-skupstina","tag-zupanije"],"_links":{"self":[{"href":"https:\/\/skupstinazp.ba\/new\/wp-json\/wp\/v2\/posts\/3172","targetHints":{"allow":["GET"]}}],"collection":[{"href":"https:\/\/skupstinazp.ba\/new\/wp-json\/wp\/v2\/posts"}],"about":[{"href":"https:\/\/skupstinazp.ba\/new\/wp-json\/wp\/v2\/types\/post"}],"author":[{"embeddable":true,"href":"https:\/\/skupstinazp.ba\/new\/wp-json\/wp\/v2\/users\/2"}],"replies":[{"embeddable":true,"href":"https:\/\/skupstinazp.ba\/new\/wp-json\/wp\/v2\/comments?post=3172"}],"version-history":[{"count":0,"href":"https:\/\/skupstinazp.ba\/new\/wp-json\/wp\/v2\/posts\/3172\/revisions"}],"wp:featuredmedia":[{"embeddable":true,"href":"https:\/\/skupstinazp.ba\/new\/wp-json\/wp\/v2\/media\/3173"}],"wp:attachment":[{"href":"https:\/\/skupstinazp.ba\/new\/wp-json\/wp\/v2\/media?parent=3172"}],"wp:term":[{"taxonomy":"category","embeddable":true,"href":"https:\/\/skupstinazp.ba\/new\/wp-json\/wp\/v2\/categories?post=3172"},{"taxonomy":"post_tag","embeddable":true,"href":"https:\/\/skupstinazp.ba\/new\/wp-json\/wp\/v2\/tags?post=3172"}],"curies":[{"name":"wp","href":"https:\/\/api.w.org\/{rel}","templated":true}]}}