{"id":3178,"date":"2016-11-23T09:56:51","date_gmt":"2016-11-23T09:26:51","guid":{"rendered":"http:\/\/skupstinazp.ba\/Nova\/?p=3178"},"modified":"2016-11-23T09:56:51","modified_gmt":"2016-11-23T09:26:51","slug":"okrugli-stol-domovinski-rat-u-bosanskoj-posavini-orasko-bojiste-1992-1995","status":"publish","type":"post","link":"https:\/\/skupstinazp.ba\/new\/okrugli-stol-domovinski-rat-u-bosanskoj-posavini-orasko-bojiste-1992-1995\/","title":{"rendered":"OKRUGLI STOL: DOMOVINSKI RAT U BOSANSKOJ POSAVINI \u2013 ORA\u0160KO BOJI\u0160TE 1992. \u2013 1995."},"content":{"rendered":"<p style=\"text-align: justify;\">Ministarstvo branitelja Vlade \u017dupanije Posavske i Udruge proistekle iz Domovinskog rata op\u0107ine Ora\u0161je organiziraju odr\u017eavanje okruglog stola na temu: Domovinski rat u Bosanskoj Posavini \u2013 ora\u0161ko boji\u0161te 1992. \u2013 1995.<\/p>\n<p style=\"text-align: justify;\">Na skupu \u0107e govoriti :<\/p>\n<ul style=\"text-align: justify;\">\n<li>dr. sc. Davor Marijan, Hrvatski institut za povijest \u2013 Zagreb, tema izlaganja: Rat u Bosanskoj Posavini 1992.<\/li>\n<li>dr. sc. Tado Or\u0161oli\u0107, Zavod za povijesne znanosti HAZU u Zadru, tema izlaganja: Obrambeni rat na ora\u0161ko-\u0161ama\u010dko-domaljeva\u010dkom podru\u010dju 1992.-1995.<\/li>\n<li>Zvonko Baoti\u0107, prof., zapovjednik 106. domobranske pukovnije, tema izlaganja: 106. brigada\/pukovnija HVO 1992.-1995.<\/li>\n<li>dr. sc. Ante Nazor, HMDCDR \u2013 Zagreb, tema izlaganja: Arhivsko gradivo HVO iz Domovinskog rata u Hrvatskom-memorijalno dokumentacijskom centru Domovinskog rata<\/li>\n<\/ul>\n<p style=\"text-align: justify;\">Nezaobilazna tema okruglog stola bit \u0107e i aktualna uhi\u0107enja branitelja HVO, tvrde organizatori. Okrugli stol odr\u017eat \u0107e se \u00a0u amfiteatra \u0160kolskog Centra fra Martina Nedi\u0107a\u00a0<em>u Ora\u0161ju<\/em>\u00a024.11.2016.g. (\u010detvrtak) sa po\u010detkom od 18,00 sati. Poziv je otvoren za sve zainteresirane za pra\u0107enje ovoga skupa i najavljene teme.<\/p>\n","protected":false},"excerpt":{"rendered":"<p>Ministarstvo branitelja Vlade \u017dupanije Posavske i Udruge proistekle iz Domovinskog rata op\u0107ine Ora\u0161je organiziraju odr\u017eavanje okruglog stola na temu: Domovinski rat u Bosanskoj Posavini \u2013 ora\u0161ko boji\u0161te 1992. \u2013 1995. Na skupu \u0107e govoriti : dr. sc. Davor Marijan, Hrvatski institut za povijest \u2013 Zagreb, tema izlaganja: Rat u Bosanskoj Posavini 1992. dr. sc. Tado &hellip;<br \/><a href=\"https:\/\/skupstinazp.ba\/new\/okrugli-stol-domovinski-rat-u-bosanskoj-posavini-orasko-bojiste-1992-1995\/\" class=\"more-link pen_button pen_element_default pen_icon_arrow_double\">Nastavite \u010ditati <span class=\"screen-reader-text\">OKRUGLI STOL: DOMOVINSKI RAT U BOSANSKOJ POSAVINI \u2013 ORA\u0160KO BOJI\u0160TE 1992. \u2013 1995.<\/span><\/a><\/p>\n","protected":false},"author":2,"featured_media":3179,"comment_status":"closed","ping_status":"closed","sticky":false,"template":"","format":"standard","meta":{"footnotes":""},"categories":[2,3],"tags":[],"class_list":["post-3178","post","type-post","status-publish","format-standard","has-post-thumbnail","hentry","category-novosti","category-obavijesti"],"_links":{"self":[{"href":"https:\/\/skupstinazp.ba\/new\/wp-json\/wp\/v2\/posts\/3178","targetHints":{"allow":["GET"]}}],"collection":[{"href":"https:\/\/skupstinazp.ba\/new\/wp-json\/wp\/v2\/posts"}],"about":[{"href":"https:\/\/skupstinazp.ba\/new\/wp-json\/wp\/v2\/types\/post"}],"author":[{"embeddable":true,"href":"https:\/\/skupstinazp.ba\/new\/wp-json\/wp\/v2\/users\/2"}],"replies":[{"embeddable":true,"href":"https:\/\/skupstinazp.ba\/new\/wp-json\/wp\/v2\/comments?post=3178"}],"version-history":[{"count":0,"href":"https:\/\/skupstinazp.ba\/new\/wp-json\/wp\/v2\/posts\/3178\/revisions"}],"wp:featuredmedia":[{"embeddable":true,"href":"https:\/\/skupstinazp.ba\/new\/wp-json\/wp\/v2\/media\/3179"}],"wp:attachment":[{"href":"https:\/\/skupstinazp.ba\/new\/wp-json\/wp\/v2\/media?parent=3178"}],"wp:term":[{"taxonomy":"category","embeddable":true,"href":"https:\/\/skupstinazp.ba\/new\/wp-json\/wp\/v2\/categories?post=3178"},{"taxonomy":"post_tag","embeddable":true,"href":"https:\/\/skupstinazp.ba\/new\/wp-json\/wp\/v2\/tags?post=3178"}],"curies":[{"name":"wp","href":"https:\/\/api.w.org\/{rel}","templated":true}]}}