{"id":3197,"date":"2017-01-05T10:55:01","date_gmt":"2017-01-05T10:25:01","guid":{"rendered":"http:\/\/skupstinazp.ba\/Nova\/?p=3197"},"modified":"2017-01-05T10:55:01","modified_gmt":"2017-01-05T10:25:01","slug":"zakazana-vi-izvanredna-sjednica-skupstine-zupanije-posavske","status":"publish","type":"post","link":"https:\/\/skupstinazp.ba\/new\/zakazana-vi-izvanredna-sjednica-skupstine-zupanije-posavske\/","title":{"rendered":"ZAKAZANA VI. IZVANREDNA SJEDNICA SKUP\u0160TINE \u017dUPANIJE POSAVSKE"},"content":{"rendered":"<p style=\"text-align: justify;\">DOMALJEVAC, 04.01.2017. godine \u2013 Joso Markovi\u0107-predsjednik Skup\u0161tine sazvao je VI. izvanrednu sjednicu Skup\u0161tine \u017dupanije Posavske za dan 09. sije\u010dnja 2017. godine (ponedjeljak) u 10,00 sati. Za sjednicu je predlo\u017een slijede\u0107i Dnevni red:<\/p>\n<ol style=\"text-align: justify;\">\n<li>Prijedlog Prora\u010duna \u017dupanije Posavske za 2017. godinu<\/li>\n<li>Prijedlog zakona o izvr\u0161avanju Prora\u010duna \u017dupanije Posavske za 2017. godinu<\/li>\n<li>Prijedlog odluke o objedinjavanju prora\u010dunskih korisnika<\/li>\n<\/ol>\n<p style=\"text-align: justify;\">Predsjednik Odbora za gospodarstvo, financije i Prora\u010dun \u00a0sazvao je XI. sjednicu Odbora za 09.01.2017. godine u 9,00 sati.<\/p>\n<p style=\"text-align: right;\">\u00a0\u00a0\u00a0\u00a0\u00a0\u00a0\u00a0\u00a0\u00a0\u00a0\u00a0\u00a0\u00a0\u00a0\u00a0\u00a0\u00a0\u00a0\u00a0\u00a0\u00a0\u00a0\u00a0\u00a0\u00a0\u00a0\u00a0\u00a0\u00a0\u00a0\u00a0\u00a0\u00a0\u00a0\u00a0\u00a0\u00a0\u00a0\u00a0\u00a0\u00a0\u00a0\u00a0\u00a0\u00a0\u00a0\u00a0\u00a0\u00a0\u00a0\u00a0\u00a0\u00a0\u00a0\u00a0\u00a0\u00a0\u00a0\u00a0\u00a0\u00a0\u00a0\u00a0\u00a0\u00a0\u00a0\u00a0\u00a0\u00a0\u00a0\u00a0\u00a0\u00a0\u00a0\u00a0\u00a0\u00a0\u00a0\u00a0\u00a0\u00a0 Stru\u010dna slu\u017eba Skup\u0161tine<\/p>\n","protected":false},"excerpt":{"rendered":"<p>DOMALJEVAC, 04.01.2017. godine \u2013 Joso Markovi\u0107-predsjednik Skup\u0161tine sazvao je VI. izvanrednu sjednicu Skup\u0161tine \u017dupanije Posavske za dan 09. sije\u010dnja 2017. godine (ponedjeljak) u 10,00 sati. Za sjednicu je predlo\u017een slijede\u0107i Dnevni red: Prijedlog Prora\u010duna \u017dupanije Posavske za 2017. godinu Prijedlog zakona o izvr\u0161avanju Prora\u010duna \u017dupanije Posavske za 2017. godinu Prijedlog odluke o objedinjavanju prora\u010dunskih korisnika &hellip;<br \/><a href=\"https:\/\/skupstinazp.ba\/new\/zakazana-vi-izvanredna-sjednica-skupstine-zupanije-posavske\/\" class=\"more-link pen_button pen_element_default pen_icon_arrow_double\">Nastavite \u010ditati <span class=\"screen-reader-text\">ZAKAZANA VI. IZVANREDNA SJEDNICA SKUP\u0160TINE \u017dUPANIJE POSAVSKE<\/span><\/a><\/p>\n","protected":false},"author":2,"featured_media":2962,"comment_status":"closed","ping_status":"closed","sticky":false,"template":"","format":"standard","meta":{"footnotes":""},"categories":[2,3],"tags":[],"class_list":["post-3197","post","type-post","status-publish","format-standard","has-post-thumbnail","hentry","category-novosti","category-obavijesti"],"_links":{"self":[{"href":"https:\/\/skupstinazp.ba\/new\/wp-json\/wp\/v2\/posts\/3197","targetHints":{"allow":["GET"]}}],"collection":[{"href":"https:\/\/skupstinazp.ba\/new\/wp-json\/wp\/v2\/posts"}],"about":[{"href":"https:\/\/skupstinazp.ba\/new\/wp-json\/wp\/v2\/types\/post"}],"author":[{"embeddable":true,"href":"https:\/\/skupstinazp.ba\/new\/wp-json\/wp\/v2\/users\/2"}],"replies":[{"embeddable":true,"href":"https:\/\/skupstinazp.ba\/new\/wp-json\/wp\/v2\/comments?post=3197"}],"version-history":[{"count":0,"href":"https:\/\/skupstinazp.ba\/new\/wp-json\/wp\/v2\/posts\/3197\/revisions"}],"wp:featuredmedia":[{"embeddable":true,"href":"https:\/\/skupstinazp.ba\/new\/wp-json\/wp\/v2\/media\/2962"}],"wp:attachment":[{"href":"https:\/\/skupstinazp.ba\/new\/wp-json\/wp\/v2\/media?parent=3197"}],"wp:term":[{"taxonomy":"category","embeddable":true,"href":"https:\/\/skupstinazp.ba\/new\/wp-json\/wp\/v2\/categories?post=3197"},{"taxonomy":"post_tag","embeddable":true,"href":"https:\/\/skupstinazp.ba\/new\/wp-json\/wp\/v2\/tags?post=3197"}],"curies":[{"name":"wp","href":"https:\/\/api.w.org\/{rel}","templated":true}]}}