{"id":3209,"date":"2017-01-26T12:01:20","date_gmt":"2017-01-26T11:31:20","guid":{"rendered":"http:\/\/skupstinazp.ba\/Nova\/?p=3209"},"modified":"2017-01-26T12:01:20","modified_gmt":"2017-01-26T11:31:20","slug":"3209-2","status":"publish","type":"post","link":"https:\/\/skupstinazp.ba\/new\/3209-2\/","title":{"rendered":"JOSO MARKOVI\u0106 \u2013 PREDSJEDNIK SKUP\u0160TINE \u017dUPANIJE POSAVSKE SUDJELOVAO NA SASTANKU POVJERENSTVA ZA EUROPSKE INTEGRACIJE DOMA NARODA PARLAMENTA F BIH"},"content":{"rendered":"<p style=\"text-align: justify;\">SARAJEVO, 25.01.2017. godine \u2013 \u010clanovi Povjerenstva za europske integracije Doma naroda Parlamenta Federacije BiH, ujedno i \u010dlanovi Kolegija Doma naroda Parlamenta Federacije BiH, Lidija Bradara, predsjedateljica Doma, Jasenko Tufek\u010di\u0107 i Drago Puziga\u0107a, dopredsjedatelji te Tomislav Martinovi\u0107 i Osman \u0106ati\u0107, predsjednici Klubova hrvatskog i bo\u0161nja\u010dkog naroda,\u00a0 odr\u017eali su danas 25. sije\u010dnja 2017. godine sastanak s predsjednicima \u017eupanijskih, odnosno kantonalnih skup\u0161tina u Federaciji BiH. Na sastanku je bila i Radmila Urta, predstavnica Direkcije za europske integracije BiH (DEI BiH). Na dnevnom redu bile su teme vezane za aktivnosti pripreme odgovora na pitanja iz Upitnika Europske komisije (EK) kao i procedura dono\u0161enja zakona iz podijeljene nadle\u017enosti izme\u0111u Federacije BiH i \u017eupanija\/ kantona.<\/p>\n<p style=\"text-align: justify;\"><img loading=\"lazy\" decoding=\"async\" class=\"size-medium wp-image-3210 alignleft\" src=\"https:\/\/skupstinazp.ba\/new\/wp-content\/uploads\/2017\/01\/predsjednik-dom-300x168.jpeg\" alt=\"predsjednik dom\" width=\"300\" height=\"168\" srcset=\"https:\/\/skupstinazp.ba\/new\/wp-content\/uploads\/2017\/01\/predsjednik-dom-300x168.jpeg 300w, https:\/\/skupstinazp.ba\/new\/wp-content\/uploads\/2017\/01\/predsjednik-dom.jpeg 545w\" sizes=\"auto, (max-width: 300px) 100vw, 300px\" \/>Rok za pripremu odgovora za Upitnik Europske komisije je kraj teku\u0107eg mjeseca.\u00a0 Prema rije\u010dima Lidije Bradara, predsjednice Povjerenstva za europske integracije Doma naroda, i predsjedateljice ovog doma, Dom naroda Parlamenta Federacije BiH je pripremom odgovora prije roka jo\u0161 jednom pokazao opredjeljenost ka \u010dlanstvu u Europskoj uniji koje, istaknula je i ovom prigodom, nema alternativu. Svoj dio posla, pripremu odgovora iz Uputnika, u skladu s\u00a0 ustavnim nadle\u017enostima, zavr\u0161ila je i ve\u0107ina \u017eupanija\/ kantona u Federaciji BiH ili su pri samome kraju s ovim poslom, potvrdili su predsjednici\u00a0 skup\u0161tina \u017eupanija\/ kantona. Pripremljeni odgovori\u00a0 bit \u0107e uneseni u jedinstven informacijiski sustav kojeg je izradila Direkcija za europske integracije BiH\u00a0 s ciljem postizanja \u0161to kvalitetnijih\u00a0 odgovora. Na njihovu uskla\u0111ivanju radit \u0107e DEI BiH kako bi se dodatno ujedna\u010dili u pogledu razine informacija.\u00a0 Suradnju Federacije BiH i \u017eupanija\/kantona u Federaciji BiH na pripremi i aktivnostima vezanim za europski put BiH pohvalila je Radmila Urta, predstavnica DEI BiH.<\/p>\n<p style=\"text-align: justify;\">Pored aktivnosti vezanih za pripremu i izradu odgovora na pitanja iz Upitnika EK, na sastanku Kolegija Doma naroda s predsjednicima skup\u0161tina \u017eupanija\/kantona razgovaralo se i o procedurama dono\u0161enja zakona iz podijeljene nadle\u017enosti.\u00a0 Ovom prigodom nagla\u0161eno je kako se niti jedan zakon iz podijeljene nadle\u017enosti ne\u0107e na\u0107i na dnevnom redu sjednica Doma naroda Parlamenta Federacije BiH bez suglasnosti \u017eupanija\/kantona. U tom kontekstu istaknuta je potreba definiranja dogovora na trajnoj osnovi, sukladno odredbama definiranim Ustavom Federacije BiH.<\/p>\n<p style=\"text-align: justify;\">Na sastanku je sudjelovao i Marko Mami\u0107 djelatnik Skup\u0161tine \u017dupanije Posavske.<\/p>\n<p style=\"text-align: justify;\">Pruzeto s slu\u017ebene web stranice Doma naroda Parlamenta F BiH.<\/p>\n","protected":false},"excerpt":{"rendered":"<p>SARAJEVO, 25.01.2017. godine \u2013 \u010clanovi Povjerenstva za europske integracije Doma naroda Parlamenta Federacije BiH, ujedno i \u010dlanovi Kolegija Doma naroda Parlamenta Federacije BiH, Lidija Bradara, predsjedateljica Doma, Jasenko Tufek\u010di\u0107 i Drago Puziga\u0107a, dopredsjedatelji te Tomislav Martinovi\u0107 i Osman \u0106ati\u0107, predsjednici Klubova hrvatskog i bo\u0161nja\u010dkog naroda,\u00a0 odr\u017eali su danas 25. sije\u010dnja 2017. godine sastanak s predsjednicima &hellip;<br \/><a href=\"https:\/\/skupstinazp.ba\/new\/3209-2\/\" class=\"more-link pen_button pen_element_default pen_icon_arrow_double\">Nastavite \u010ditati <span class=\"screen-reader-text\">JOSO MARKOVI\u0106 \u2013 PREDSJEDNIK SKUP\u0160TINE \u017dUPANIJE POSAVSKE SUDJELOVAO NA SASTANKU POVJERENSTVA ZA EUROPSKE INTEGRACIJE DOMA NARODA PARLAMENTA F BIH<\/span><\/a><\/p>\n","protected":false},"author":2,"featured_media":3215,"comment_status":"closed","ping_status":"closed","sticky":false,"template":"","format":"standard","meta":{"footnotes":""},"categories":[2,3],"tags":[],"class_list":["post-3209","post","type-post","status-publish","format-standard","has-post-thumbnail","hentry","category-novosti","category-obavijesti"],"_links":{"self":[{"href":"https:\/\/skupstinazp.ba\/new\/wp-json\/wp\/v2\/posts\/3209","targetHints":{"allow":["GET"]}}],"collection":[{"href":"https:\/\/skupstinazp.ba\/new\/wp-json\/wp\/v2\/posts"}],"about":[{"href":"https:\/\/skupstinazp.ba\/new\/wp-json\/wp\/v2\/types\/post"}],"author":[{"embeddable":true,"href":"https:\/\/skupstinazp.ba\/new\/wp-json\/wp\/v2\/users\/2"}],"replies":[{"embeddable":true,"href":"https:\/\/skupstinazp.ba\/new\/wp-json\/wp\/v2\/comments?post=3209"}],"version-history":[{"count":0,"href":"https:\/\/skupstinazp.ba\/new\/wp-json\/wp\/v2\/posts\/3209\/revisions"}],"wp:featuredmedia":[{"embeddable":true,"href":"https:\/\/skupstinazp.ba\/new\/wp-json\/wp\/v2\/media\/3215"}],"wp:attachment":[{"href":"https:\/\/skupstinazp.ba\/new\/wp-json\/wp\/v2\/media?parent=3209"}],"wp:term":[{"taxonomy":"category","embeddable":true,"href":"https:\/\/skupstinazp.ba\/new\/wp-json\/wp\/v2\/categories?post=3209"},{"taxonomy":"post_tag","embeddable":true,"href":"https:\/\/skupstinazp.ba\/new\/wp-json\/wp\/v2\/tags?post=3209"}],"curies":[{"name":"wp","href":"https:\/\/api.w.org\/{rel}","templated":true}]}}