{"id":3225,"date":"2017-02-14T11:09:32","date_gmt":"2017-02-14T10:39:32","guid":{"rendered":"http:\/\/skupstinazp.ba\/Nova\/?p=3225"},"modified":"2017-02-14T11:09:32","modified_gmt":"2017-02-14T10:39:32","slug":"melika-mahmutbegovic-dopredsjednica-federacije-bih-u-posjeti-skupstini-zupanije-posavske","status":"publish","type":"post","link":"https:\/\/skupstinazp.ba\/new\/melika-mahmutbegovic-dopredsjednica-federacije-bih-u-posjeti-skupstini-zupanije-posavske\/","title":{"rendered":"MELIKA MAHMUTBEGOVI\u0106 &#8211; DOPREDSJEDNICA FEDERACIJE BiH U POSJETI SKUP\u0160TINI \u017dUPANIJE POSAVSKE"},"content":{"rendered":"<p style=\"text-align: justify;\">DOMALJEVAC, 13.02.2017. godine \u2013 Rukovodstvo Skup\u0161tine \u017dupanije Posavske, Joso Markovi\u0107 \u2013 predsjednik Skup\u0161tine i Tahir Red\u017eepovi\u0107 \u2013 zamjenik predsjednika, susreli su se sa Melikom Mahmutbegovi\u0107 &#8211; dopredsjednicom F BiH.<\/p>\n<p style=\"text-align: justify;\">Nakon sastanka, u izjavi za medije dopredsjednica F BiH je izjavila:<\/p>\n<p><img loading=\"lazy\" decoding=\"async\" class=\"size-medium wp-image-3227 alignleft\" src=\"https:\/\/skupstinazp.ba\/new\/wp-content\/uploads\/2017\/02\/D8EBE815-55A2-4D82-A362-C7ED8B112E1C-300x225.jpg\" alt=\"D8EBE815-55A2-4D82-A362-C7ED8B112E1C\" width=\"300\" height=\"225\" srcset=\"https:\/\/skupstinazp.ba\/new\/wp-content\/uploads\/2017\/02\/D8EBE815-55A2-4D82-A362-C7ED8B112E1C-300x225.jpg 300w, https:\/\/skupstinazp.ba\/new\/wp-content\/uploads\/2017\/02\/D8EBE815-55A2-4D82-A362-C7ED8B112E1C-1024x768.jpg 1024w, https:\/\/skupstinazp.ba\/new\/wp-content\/uploads\/2017\/02\/D8EBE815-55A2-4D82-A362-C7ED8B112E1C-768x576.jpg 768w, https:\/\/skupstinazp.ba\/new\/wp-content\/uploads\/2017\/02\/D8EBE815-55A2-4D82-A362-C7ED8B112E1C-1536x1152.jpg 1536w, https:\/\/skupstinazp.ba\/new\/wp-content\/uploads\/2017\/02\/D8EBE815-55A2-4D82-A362-C7ED8B112E1C-2048x1536.jpg 2048w, https:\/\/skupstinazp.ba\/new\/wp-content\/uploads\/2017\/02\/D8EBE815-55A2-4D82-A362-C7ED8B112E1C-1568x1176.jpg 1568w\" sizes=\"auto, (max-width: 300px) 100vw, 300px\" \/>-Htjeli smo najprije da se informiramo o stanju u Posavskom kantonu, kako funkcionira, koji su problemi te planovi, kako bi vidjeli koje su potrebe ovoga podru\u010dja. Ovakva je komunikacija kabineta dopredsjednice F BiH \u00a0i Vlade \u017dP potrebna kako bi vidjeli \u0161to mi mo\u017eemo u\u010diniti za ovo podru\u010dje.\u00a0 Tako\u0111er, ovo je zna\u010dajna posjeta jer sam ranije prema Domu naroda uputila inicijativu koja je proslije\u0111ena Skup\u0161tinama odre\u0111enih kantona gdje postoji kantonalna neuskla\u0111enost sa Ustanovom F BiH po pitanju konstitutivnosti sva tri naroda, i po pitanju slu\u017ebenih jezika BiH. Do\u0161la sam vidjeti u kojoj je fazi ta inicijativa uskla\u0111ivanja Ustava kantona sa Ustavom FBiH, izjavila je dopredsjednica FBiH Mahmutbegovi\u0107.<\/p>\n<p>Predsjednik Skup\u0161tine \u017dupanije Posavske Joso Markovi\u0107 u ime Skup\u0161tine zahvalio se dopredsjednici F BiH Mahmutbegovi\u0107 na posjeti posavskom podru\u010dju.<img loading=\"lazy\" decoding=\"async\" class=\"size-medium wp-image-3232 alignright\" src=\"https:\/\/skupstinazp.ba\/new\/wp-content\/uploads\/2017\/02\/IMG_1877-300x225.jpg\" alt=\"IMG_1877\" width=\"300\" height=\"225\" srcset=\"https:\/\/skupstinazp.ba\/new\/wp-content\/uploads\/2017\/02\/IMG_1877-300x225.jpg 300w, https:\/\/skupstinazp.ba\/new\/wp-content\/uploads\/2017\/02\/IMG_1877-1024x768.jpg 1024w, https:\/\/skupstinazp.ba\/new\/wp-content\/uploads\/2017\/02\/IMG_1877-768x576.jpg 768w, https:\/\/skupstinazp.ba\/new\/wp-content\/uploads\/2017\/02\/IMG_1877-1536x1152.jpg 1536w, https:\/\/skupstinazp.ba\/new\/wp-content\/uploads\/2017\/02\/IMG_1877-2048x1536.jpg 2048w, https:\/\/skupstinazp.ba\/new\/wp-content\/uploads\/2017\/02\/IMG_1877-1568x1176.jpg 1568w\" sizes=\"auto, (max-width: 300px) 100vw, 300px\" \/><\/p>\n<p style=\"text-align: justify;\">-Predsjednicu smo informirali o stanju u \u017dupaniji Posavskoj, osobito oko uskla\u0111ivanja Ustava \u017dupanije Posavske sa Ustavom F BiH. Vjerujem da \u0107emo u ovoj godini zavr\u0161iti izmjene Ustava \u017dupanije Posavske, odnosno uskladiti sa Ustavom F BiH, \u0161to o\u010dekujemo i na podru\u010dju drugih \u017eupanija do kraja godine, kada o\u010dekujemo da bi BiH trebala dobiti kandidacijski status ulaska u Europsku Uniju, izjavio je predsjednik Skup\u0161tine Markovi\u0107.<\/p>\n<p style=\"text-align: right;\">Stru\u010dna slu\u017eba Skup\u0161tine<br \/>\nSlu\u017eba za odnose s javno\u0161\u0107u Vlade \u017dupanije Posavske<\/p>\n","protected":false},"excerpt":{"rendered":"<p>DOMALJEVAC, 13.02.2017. godine \u2013 Rukovodstvo Skup\u0161tine \u017dupanije Posavske, Joso Markovi\u0107 \u2013 predsjednik Skup\u0161tine i Tahir Red\u017eepovi\u0107 \u2013 zamjenik predsjednika, susreli su se sa Melikom Mahmutbegovi\u0107 &#8211; dopredsjednicom F BiH. Nakon sastanka, u izjavi za medije dopredsjednica F BiH je izjavila: -Htjeli smo najprije da se informiramo o stanju u Posavskom kantonu, kako funkcionira, koji su &hellip;<br \/><a href=\"https:\/\/skupstinazp.ba\/new\/melika-mahmutbegovic-dopredsjednica-federacije-bih-u-posjeti-skupstini-zupanije-posavske\/\" class=\"more-link pen_button pen_element_default pen_icon_arrow_double\">Nastavite \u010ditati <span class=\"screen-reader-text\">MELIKA MAHMUTBEGOVI\u0106 &#8211; DOPREDSJEDNICA FEDERACIJE BiH U POSJETI SKUP\u0160TINI \u017dUPANIJE POSAVSKE<\/span><\/a><\/p>\n","protected":false},"author":2,"featured_media":3233,"comment_status":"closed","ping_status":"closed","sticky":false,"template":"","format":"standard","meta":{"footnotes":""},"categories":[2,3],"tags":[],"class_list":["post-3225","post","type-post","status-publish","format-standard","has-post-thumbnail","hentry","category-novosti","category-obavijesti"],"_links":{"self":[{"href":"https:\/\/skupstinazp.ba\/new\/wp-json\/wp\/v2\/posts\/3225","targetHints":{"allow":["GET"]}}],"collection":[{"href":"https:\/\/skupstinazp.ba\/new\/wp-json\/wp\/v2\/posts"}],"about":[{"href":"https:\/\/skupstinazp.ba\/new\/wp-json\/wp\/v2\/types\/post"}],"author":[{"embeddable":true,"href":"https:\/\/skupstinazp.ba\/new\/wp-json\/wp\/v2\/users\/2"}],"replies":[{"embeddable":true,"href":"https:\/\/skupstinazp.ba\/new\/wp-json\/wp\/v2\/comments?post=3225"}],"version-history":[{"count":0,"href":"https:\/\/skupstinazp.ba\/new\/wp-json\/wp\/v2\/posts\/3225\/revisions"}],"wp:featuredmedia":[{"embeddable":true,"href":"https:\/\/skupstinazp.ba\/new\/wp-json\/wp\/v2\/media\/3233"}],"wp:attachment":[{"href":"https:\/\/skupstinazp.ba\/new\/wp-json\/wp\/v2\/media?parent=3225"}],"wp:term":[{"taxonomy":"category","embeddable":true,"href":"https:\/\/skupstinazp.ba\/new\/wp-json\/wp\/v2\/categories?post=3225"},{"taxonomy":"post_tag","embeddable":true,"href":"https:\/\/skupstinazp.ba\/new\/wp-json\/wp\/v2\/tags?post=3225"}],"curies":[{"name":"wp","href":"https:\/\/api.w.org\/{rel}","templated":true}]}}