{"id":3330,"date":"2017-07-04T09:17:18","date_gmt":"2017-07-04T08:47:18","guid":{"rendered":"http:\/\/skupstinazp.ba\/Nova\/?p=3330"},"modified":"2017-07-04T09:17:18","modified_gmt":"2017-07-04T08:47:18","slug":"okrugli-stol-u-vladi-zupanije-posavske","status":"publish","type":"post","link":"https:\/\/skupstinazp.ba\/new\/okrugli-stol-u-vladi-zupanije-posavske\/","title":{"rendered":"OKRUGLI STOL U VLADI \u017dUPANIJE POSAVSKE"},"content":{"rendered":"<p>Udruga gra\u0111ana roditelja djece i osoba s posebnim potrebama \u201eKu\u0107a nade\u201c Od\u017eak organizirala je u Vladi \u017dupanije Posavske u Ora\u0161ju odr\u017eavanje okruglog stola\u00a0 na temu \u201e\u017divot u lokalnoj zajednici\/ Stanovanje uz potporu. Skupu su bili nazo\u010dni predsjednik Vlade \u017dupanije Posavske Marijan Klai\u0107 sa suradnicima, op\u0107inski na\u010delnik Jakov Ivankovi\u0107, predstavnici Centara za socijalni rad, kao i predstavnici programa Stanovanje uz potporu Tuzla ( prof. Fata Ibrali\u0107), ravnatelj Saveza SUMERO Haris Haveri\u0107 i voditelj programa Staknovanje uz potporu Sarajevo Nermin Cocoli\u0107.<\/p>\n<p>Savez Sumero je organizacije koja se bavi problematikom vezanom za osobe s intelektualnim te\u0161ko\u0107ama. -Mi smo razvili program \u201e\u017divot u zajednici\u201c koji djeluje u 3 \u017eupanije. Radi se o tome da se lokalnim zajednicama osiguraju adekvatni uvjeti \u017eivota za osobe s intelektualnim te\u0161ko\u0107ama. \u017delimo da u ovoj \u017eupaniji Udruga \u201eKu\u0107a Nade\u201c pokrene sli\u010dan proces, a to je da osobe s invaliditetom imaju pravo izbora. Danas osobe s invaliditetom u BiH nemaju pravo izbora, tako da poslije smrti roditelje ili njihovih familija uglavnom zavr\u0161avaju u Zavodu zatvorenog tipa bez njihove volje. \u017delimo da se i ovdje pokrene proces izgradnje kapaciteta i osiguraju odgovaraju\u0107i uvjeti \u017eivota ovoj populaciji, osiguraju stanovi, asistenti, odgovaraju\u0107a potpora koju danas u ve\u0107em dijelu mo\u017ee osigurati \u201eKu\u0107a Nade\u201c, izjavio je Haveri\u0107 Haris, ravnatelj Saveza SUMERO Haris Haveri\u0107.<\/p>\n<p>Ravnatelj Haveri\u0107 je naglasio kako se radi o otvorenom i transparentnom procesu u koji se trebaju uklju\u010diti ne samo Udruge osoba s invaliditetom nego i druge udruge, Centri za mentalno zdravlje, Centri za socijalni rad i druge organizacije i institucije koje su va\u017ene da bi ovaj projekt mogao opstati. U Ora\u0161ju su dogovoreni odre\u0111eni koraci, kako bi se \u00a0eventualno do kraja godine otvorile prve stambene zajednice, u ovom slu\u010daju u Od\u017eaku, zaklju\u010dio je Haveri\u0107.<\/p>\n","protected":false},"excerpt":{"rendered":"<p>Udruga gra\u0111ana roditelja djece i osoba s posebnim potrebama \u201eKu\u0107a nade\u201c Od\u017eak organizirala je u Vladi \u017dupanije Posavske u Ora\u0161ju odr\u017eavanje okruglog stola\u00a0 na temu \u201e\u017divot u lokalnoj zajednici\/ Stanovanje uz potporu. Skupu su bili nazo\u010dni predsjednik Vlade \u017dupanije Posavske Marijan Klai\u0107 sa suradnicima, op\u0107inski na\u010delnik Jakov Ivankovi\u0107, predstavnici Centara za socijalni rad, kao i &hellip;<br \/><a href=\"https:\/\/skupstinazp.ba\/new\/okrugli-stol-u-vladi-zupanije-posavske\/\" class=\"more-link pen_button pen_element_default pen_icon_arrow_double\">Nastavite \u010ditati <span class=\"screen-reader-text\">OKRUGLI STOL U VLADI \u017dUPANIJE POSAVSKE<\/span><\/a><\/p>\n","protected":false},"author":2,"featured_media":3331,"comment_status":"closed","ping_status":"closed","sticky":false,"template":"","format":"standard","meta":{"footnotes":""},"categories":[2],"tags":[],"class_list":["post-3330","post","type-post","status-publish","format-standard","has-post-thumbnail","hentry","category-novosti"],"_links":{"self":[{"href":"https:\/\/skupstinazp.ba\/new\/wp-json\/wp\/v2\/posts\/3330","targetHints":{"allow":["GET"]}}],"collection":[{"href":"https:\/\/skupstinazp.ba\/new\/wp-json\/wp\/v2\/posts"}],"about":[{"href":"https:\/\/skupstinazp.ba\/new\/wp-json\/wp\/v2\/types\/post"}],"author":[{"embeddable":true,"href":"https:\/\/skupstinazp.ba\/new\/wp-json\/wp\/v2\/users\/2"}],"replies":[{"embeddable":true,"href":"https:\/\/skupstinazp.ba\/new\/wp-json\/wp\/v2\/comments?post=3330"}],"version-history":[{"count":0,"href":"https:\/\/skupstinazp.ba\/new\/wp-json\/wp\/v2\/posts\/3330\/revisions"}],"wp:featuredmedia":[{"embeddable":true,"href":"https:\/\/skupstinazp.ba\/new\/wp-json\/wp\/v2\/media\/3331"}],"wp:attachment":[{"href":"https:\/\/skupstinazp.ba\/new\/wp-json\/wp\/v2\/media?parent=3330"}],"wp:term":[{"taxonomy":"category","embeddable":true,"href":"https:\/\/skupstinazp.ba\/new\/wp-json\/wp\/v2\/categories?post=3330"},{"taxonomy":"post_tag","embeddable":true,"href":"https:\/\/skupstinazp.ba\/new\/wp-json\/wp\/v2\/tags?post=3330"}],"curies":[{"name":"wp","href":"https:\/\/api.w.org\/{rel}","templated":true}]}}