{"id":3339,"date":"2017-06-29T09:26:39","date_gmt":"2017-06-29T08:56:39","guid":{"rendered":"http:\/\/skupstinazp.ba\/Nova\/?p=3339"},"modified":"2017-06-29T09:26:39","modified_gmt":"2017-06-29T08:56:39","slug":"zavrsena-prva-faza-dnevnog-centra-udruge-roditelja-djece-sa-posebnim-potrebama-angelus-domaljevac-samac","status":"publish","type":"post","link":"https:\/\/skupstinazp.ba\/new\/zavrsena-prva-faza-dnevnog-centra-udruge-roditelja-djece-sa-posebnim-potrebama-angelus-domaljevac-samac\/","title":{"rendered":"ZAVR\u0160ENA PRVA FAZA DNEVNOG CENTRA UDRUGE RODITELJA DJECE SA POSEBNIM POTREBAMA &#8220;ANGELUS&#8221; DOMALJEVAC-\u0160AMAC"},"content":{"rendered":"<p>Udruga roditelja djece sa posebnim potrebama \u201eAngelus\u201c Domaljevac -\u0160amac djeluje 2,5 godine i za kratko vrijeme od po\u010detnih petoro djece o kojima je brinula, profilirala se u ustanovu koja profesionalno i sa puno ljubavi brine o \u010dak 27 djece sa posebnim potrebama. U povodu zavr\u0161etka prve faze ure\u0111enja dnevnog centra \u017eupnik fra Marijan \u017divkovi\u0107 blagoslovio je ure\u0111ene i moderno opremljene prostore\u00a0 \u201eAngelusa\u201c , smje\u0161tenog u \u0161koli u Grebnicama. Nazo\u010dni su bili ministri u Vladi \u017dupanije Posavske, Mario Peji\u0107, ministar prosvjete, znanosti, kulture i \u0161porta i Damir \u017divkovi\u0107, ministar zdravstva, rada i socijalne politike, ravnatelj Osnovne \u0161kole Bra\u0107e Radi\u0107a Domaljevac Stjepan Pilji\u0107, te \u010dlanovi uprave Udru\u017eenja \u201eAngelus\u201c.<\/p>\n<p>-Ne omalova\u017eavam niti jednu udrugu, ali mi ovo ne radimo iz hobija, ve\u0107 iz potrebe, \u00a0a to je odgovorna i te\u0161ka zada\u0107a, prije svega za roditelje. Istodobno ovakvim radom mi zapravo pravimo u\u0161tede zajednici koja bi izdvajala puno ve\u0107a sredstva, da smo druga\u010dije organizirani, stoga nam je potrebna potpora za osnovni rad i edukaciju na\u0161e djece. Mi roditelji sami smo se anga\u017eirali da ovo uspije i funkcionira. Kako smo prerasli format udruge po broju djece za koje brinemo, ovo zahtjeva dodatni anga\u017eman svih institucija. Imamo anga\u017eirana 4 defektologa, a financiranje tih defektologa jeste najve\u0107i problem, jer nemamo stabilan izvor financiranja. Istina, nas potpoma\u017ee op\u0107ina i Vlada \u017dupanije , me\u0111utim ta sredstva \u00a0nisu dostatna da bi mi zaokru\u017eili financijsku konstrukciju i da bi sve ovo moglo nesmetano funkcionirati, kazao je u prigodnom obra\u0107anju Perica Dujmenovi\u0107, predsjednik Udruge roditelja djece s posebnim potrebama \u201cAngelus\u201d \u00a0Domaljevac-\u0160amac.<\/p>\n<p>U Udruzi \u201cAngelus\u201d provode po svjetskom standardu edu-feedback terepiju, aparatom koji je nabavljen kroz donaciju. Uredili su senzori\u010dku sobu i logopedski kabinet, a usluge pru\u017eaju i kroz\u00a0 somatopedsku terapije. Rade individualne i grupne tretmane , radionice, igraonice. -Mi rastemo, a tako i tro\u0161kovi rada, pa tra\u017eimo pomo\u0107 na na\u010din kako se poma\u017ee i drugim udrugama s podru\u010dja na\u0161e \u017eupanije, i u istom omjeru jer smatramo da na\u0161 rad nije ni\u0161ta manje vrijedan, smatra Dujmenovi\u0107 na kraju isti\u010du\u0107i i podatak da broje preko 60 \u010dlanova prijatelja Udruge koji im poma\u017eu u radu.<\/p>\n","protected":false},"excerpt":{"rendered":"<p>Udruga roditelja djece sa posebnim potrebama \u201eAngelus\u201c Domaljevac -\u0160amac djeluje 2,5 godine i za kratko vrijeme od po\u010detnih petoro djece o kojima je brinula, profilirala se u ustanovu koja profesionalno i sa puno ljubavi brine o \u010dak 27 djece sa posebnim potrebama. U povodu zavr\u0161etka prve faze ure\u0111enja dnevnog centra \u017eupnik fra Marijan \u017divkovi\u0107 blagoslovio &hellip;<br \/><a href=\"https:\/\/skupstinazp.ba\/new\/zavrsena-prva-faza-dnevnog-centra-udruge-roditelja-djece-sa-posebnim-potrebama-angelus-domaljevac-samac\/\" class=\"more-link pen_button pen_element_default pen_icon_arrow_double\">Nastavite \u010ditati <span class=\"screen-reader-text\">ZAVR\u0160ENA PRVA FAZA DNEVNOG CENTRA UDRUGE RODITELJA DJECE SA POSEBNIM POTREBAMA &#8220;ANGELUS&#8221; DOMALJEVAC-\u0160AMAC<\/span><\/a><\/p>\n","protected":false},"author":2,"featured_media":3340,"comment_status":"closed","ping_status":"closed","sticky":false,"template":"","format":"standard","meta":{"footnotes":""},"categories":[2],"tags":[],"class_list":["post-3339","post","type-post","status-publish","format-standard","has-post-thumbnail","hentry","category-novosti"],"_links":{"self":[{"href":"https:\/\/skupstinazp.ba\/new\/wp-json\/wp\/v2\/posts\/3339","targetHints":{"allow":["GET"]}}],"collection":[{"href":"https:\/\/skupstinazp.ba\/new\/wp-json\/wp\/v2\/posts"}],"about":[{"href":"https:\/\/skupstinazp.ba\/new\/wp-json\/wp\/v2\/types\/post"}],"author":[{"embeddable":true,"href":"https:\/\/skupstinazp.ba\/new\/wp-json\/wp\/v2\/users\/2"}],"replies":[{"embeddable":true,"href":"https:\/\/skupstinazp.ba\/new\/wp-json\/wp\/v2\/comments?post=3339"}],"version-history":[{"count":0,"href":"https:\/\/skupstinazp.ba\/new\/wp-json\/wp\/v2\/posts\/3339\/revisions"}],"wp:featuredmedia":[{"embeddable":true,"href":"https:\/\/skupstinazp.ba\/new\/wp-json\/wp\/v2\/media\/3340"}],"wp:attachment":[{"href":"https:\/\/skupstinazp.ba\/new\/wp-json\/wp\/v2\/media?parent=3339"}],"wp:term":[{"taxonomy":"category","embeddable":true,"href":"https:\/\/skupstinazp.ba\/new\/wp-json\/wp\/v2\/categories?post=3339"},{"taxonomy":"post_tag","embeddable":true,"href":"https:\/\/skupstinazp.ba\/new\/wp-json\/wp\/v2\/tags?post=3339"}],"curies":[{"name":"wp","href":"https:\/\/api.w.org\/{rel}","templated":true}]}}