{"id":3346,"date":"2017-07-05T14:04:05","date_gmt":"2017-07-05T13:34:05","guid":{"rendered":"http:\/\/skupstinazp.ba\/Nova\/?p=3346"},"modified":"2017-07-05T14:04:05","modified_gmt":"2017-07-05T13:34:05","slug":"utvrdeni-termini-popisa-steta-od-nevremena-u-opcini-orasje","status":"publish","type":"post","link":"https:\/\/skupstinazp.ba\/new\/utvrdeni-termini-popisa-steta-od-nevremena-u-opcini-orasje\/","title":{"rendered":"UTVR\u0110ENI TERMINI POPISA \u0160TETA OD NEVREMENA U OP\u0106INI ORA\u0160JE"},"content":{"rendered":"<p>Evidencija nastalih \u0161teta na podru\u010dju op\u0107ine Ora\u0161je koje je izazvalo veliko nevrijeme u no\u0107i s 23\/24. lipnja po\u010dinje u \u010detvrtak 6.7., izvijestili su iz Op\u0107ine Ora\u0161je. Op\u0107insko povjerenstvo za procjenu \u0161teta od prirodnih i drugih nesre\u0107a, sa\u010dinjeno od \u010detiri ekipe, postupak prijave i procjenu \u0161teta uzrokovanih olujnim nevremenom i ledom, za MZ Bok, O\u0161tra Luka, Mati\u0107i i Kopanice vr\u0161it \u0107e u prostorijama mjesnih zajednica u \u010detvrtak 6., petak 7. i ponedjeljak 10. srpnja, \u00a0u vremenu od 9.00 do 13.00 sati. Mje\u0161tani Bukove Grede nastale \u0161tete trebaju prijaviti u MZ Bok tako\u0111er u ova tri dana, u istom terminu, dok mje\u0161tani iz Donje Mahale, Tolise, Kostr\u010da, Ugljare, Ora\u0161ja, Vidovica, Jenji\u0107a i Lepnice \u0161tete mogu prijaviti u zgradi Op\u0107ine Ora\u0161je u uredima 33. i 34. u \u010detvrtak, petak i ponedjeljak ali od 8.00 do 15.00 sati. Op\u0107inska povjerenstva \u0107e \u0161tetu utvr\u0111ivati po potrebi i izlaskom na lice mjesta nakon izvr\u0161enog popisa, a sve do zavr\u0161etka kona\u010dne procjene, za \u0161to je rok 21.7.2017. godine. Mje\u0161tani koji prijavljuju \u0161tetu trebaju sa sobom obvezno ponijeti osobnu iskaznicu, nagla\u0161avaju u Op\u0107inskom Povjerenstvu za procjenu \u0161teta od prirodnih i drugih nesre\u0107a Ora\u0161je.<\/p>\n<p><em>Preuzeto sa Radio Ora\u0161je.<\/em><\/p>\n","protected":false},"excerpt":{"rendered":"<p>Evidencija nastalih \u0161teta na podru\u010dju op\u0107ine Ora\u0161je koje je izazvalo veliko nevrijeme u no\u0107i s 23\/24. lipnja po\u010dinje u \u010detvrtak 6.7., izvijestili su iz Op\u0107ine Ora\u0161je. Op\u0107insko povjerenstvo za procjenu \u0161teta od prirodnih i drugih nesre\u0107a, sa\u010dinjeno od \u010detiri ekipe, postupak prijave i procjenu \u0161teta uzrokovanih olujnim nevremenom i ledom, za MZ Bok, O\u0161tra Luka, &hellip;<br \/><a href=\"https:\/\/skupstinazp.ba\/new\/utvrdeni-termini-popisa-steta-od-nevremena-u-opcini-orasje\/\" class=\"more-link pen_button pen_element_default pen_icon_arrow_double\">Nastavite \u010ditati <span class=\"screen-reader-text\">UTVR\u0110ENI TERMINI POPISA \u0160TETA OD NEVREMENA U OP\u0106INI ORA\u0160JE<\/span><\/a><\/p>\n","protected":false},"author":2,"featured_media":3347,"comment_status":"closed","ping_status":"closed","sticky":false,"template":"","format":"standard","meta":{"footnotes":""},"categories":[2],"tags":[],"class_list":["post-3346","post","type-post","status-publish","format-standard","has-post-thumbnail","hentry","category-novosti"],"_links":{"self":[{"href":"https:\/\/skupstinazp.ba\/new\/wp-json\/wp\/v2\/posts\/3346","targetHints":{"allow":["GET"]}}],"collection":[{"href":"https:\/\/skupstinazp.ba\/new\/wp-json\/wp\/v2\/posts"}],"about":[{"href":"https:\/\/skupstinazp.ba\/new\/wp-json\/wp\/v2\/types\/post"}],"author":[{"embeddable":true,"href":"https:\/\/skupstinazp.ba\/new\/wp-json\/wp\/v2\/users\/2"}],"replies":[{"embeddable":true,"href":"https:\/\/skupstinazp.ba\/new\/wp-json\/wp\/v2\/comments?post=3346"}],"version-history":[{"count":0,"href":"https:\/\/skupstinazp.ba\/new\/wp-json\/wp\/v2\/posts\/3346\/revisions"}],"wp:featuredmedia":[{"embeddable":true,"href":"https:\/\/skupstinazp.ba\/new\/wp-json\/wp\/v2\/media\/3347"}],"wp:attachment":[{"href":"https:\/\/skupstinazp.ba\/new\/wp-json\/wp\/v2\/media?parent=3346"}],"wp:term":[{"taxonomy":"category","embeddable":true,"href":"https:\/\/skupstinazp.ba\/new\/wp-json\/wp\/v2\/categories?post=3346"},{"taxonomy":"post_tag","embeddable":true,"href":"https:\/\/skupstinazp.ba\/new\/wp-json\/wp\/v2\/tags?post=3346"}],"curies":[{"name":"wp","href":"https:\/\/api.w.org\/{rel}","templated":true}]}}