{"id":3357,"date":"2017-07-10T12:59:09","date_gmt":"2017-07-10T12:29:09","guid":{"rendered":"http:\/\/skupstinazp.ba\/Nova\/?p=3357"},"modified":"2017-07-10T12:59:09","modified_gmt":"2017-07-10T12:29:09","slug":"priopcenje-kolegija-skupstine-zupanije-posavske-povodom-22-godisnjice-stradanja-u-srebrenici","status":"publish","type":"post","link":"https:\/\/skupstinazp.ba\/new\/priopcenje-kolegija-skupstine-zupanije-posavske-povodom-22-godisnjice-stradanja-u-srebrenici\/","title":{"rendered":"PRIOP\u0106ENJE KOLEGIJA SKUP\u0160TINE \u017dUPANIJE POSAVSKE POVODOM 22. GODI\u0160NJICE STRADANJA U SREBRENICI"},"content":{"rendered":"<p><strong>Domaljevac, 10.07.2017. godine \u2013 Svaki zlo\u010din i svako stradanje ostavlja o\u017eiljke, rane i tragove kod onih koji su zlo\u010dine i stradanja do\u017eivjeli, pre\u017eivjeli i \u017eive danas s njima u svojim sje\u0107anjima. <\/strong>Na 22. godi\u0161njicu najve\u0107eg ratnog zlo\u010dina po\u010dinjenog na europskom tlu nakon Drugog svjetskog rata i dalje nismo izlije\u010deni od ratnih trauma te nemamo pomirljiv, tolerantan i senzibiliziran odnos prema i o svakoj \u017ertvi rata u BiH, kao i me\u0111usobno uva\u017eavanje kako bismo\u00a0 sve i jedno mjesto pokolja obilje\u017eili dostojanstveno, te odali po\u010dast svakoj \u017ertvi ratnih zbivanja s kraja devedesetih godina.<\/p>\n<p>Skup\u0161tina \u017dupanije Posavske je 28.06.2011. godine donijela Zaklju\u010dak o usvajanju Rezolucije Evropskog parlamenta o Srebrenici (\u201eNarodne novine \u017dupanije Posavske\u201c, broj\u201c 4\/11)<\/p>\n<p>Rezolucija Evropskog parlamenta o Srebrenici:<\/p>\n<ul>\n<li>po\u0161tuju\u0107i svoju rezoluciju od 7. srpnja 2005. &#8220;Balkan: 10 godina nakon Srebrenice&#8221;,<\/li>\n<li>po\u0161tuju\u0107i Sporazum o stablilizaciji i pridru\u017eivanju izme\u0111u Europske unije i Bosne i Hercegovine potpisan 16. lipnja 2008. i preporuke o \u010dlanstvu u Europskoj uniji date svim zemljama zapadnog Balkana na samitu Europske unije u Solunu 2003. godine,<\/li>\n<li>po\u0161tuju\u0107i Pravilo 103(4) svojih Pravila o postupku;\n<p>A. budu\u0107i da je 11. srpnja 1995. bosanski grad Srebrenica, koji je u to vrijeme bio izolirana enklava koju je Vije\u0107e sigurnosti UN proglasilo sigurnom zonom svojom odlukom donesenom 16. travnja 1993., pao u ruke snaga srpskih militanata koje je predvodio general Ratko Mladi\u0107 a pod zapovjedni\u0161tvom tada\u0161njeg predsjednika Republike Srpske Radovana Karad\u017ei\u0107a;<br \/>\nB. budu\u0107i da su u roku nekoliko dana krvoproli\u0107a nakon pada Srebrenice snage bosanskih Srba, kojima je zapovijedao general Ratko Mladi\u0107 i paravojne jedinice, uklju\u010duju\u0107i srbijanske neredovite policijske jedinice koje su u\u0161le na bosanski prostor iz Srbije, skupno smaknule vi\u0161e od 8000 muslimanskih mu\u0161karaca i dje\u010daka, koji su tra\u017eili sigurnost na ovome podru\u010dju pod za\u0161titom Mirovnih snaga Ujedinjenih naroda (UNPROFOR); budu\u0107i da je nasilu deportirano skoro 25 000 \u017eena, djece i starijih osoba, \u010dine\u0107i ovaj doga\u0111aj najve\u0107im ratnim zlo\u010dinom u Europi od kraja Drugoga svjetskog rata,<br \/>\nC. budu\u0107i da se ova tragedija, koju je Me\u0111unarodni kazneni sud za biv\u0161u Jugoslaviju (MKSJ) proglasio \u010dinom genocida, odvijala na mjestu koje su Ujedinjeni narodi (UN) proglasili sigurnom zonom, zbog \u010dega je ona simbol nesposobnosti me\u0111unarodne zajednice da intervenira u sukobima i za\u0161titi civilno stanovni\u0161tvo,<br \/>\nD. uzimaju\u0107i u obzir vi\u0161estruka kr\u0161enja \u017denevske konvencije koja su po\u010dinili vojnici bosanskih Srba nad civilnim stanovni\u0161tvom Srebrenice, uklju\u010duju\u0107i protjerivanje tisu\u0107a \u017eena, djece i staraca kao i silovanje velikog broja \u017eena,<br \/>\nE. budu\u0107i da usprkos ogromnim naporima u\u010dinjenim do dana\u0161njeg dana da se otkriju i iskopaju masovne i pojedina\u010dne grobnice te identificiraju tijela \u017ertava, do sada izvedena istra\u017eivanja ne dozvoljavaju potpunu rekonstrukciju doga\u0111aja u Srebrenici i oko nje,<br \/>\nF. budu\u0107i da nema stvarnog mira bez pravde, te budu\u0107i da puna i bezuvjetna suradnja s Me\u0111unarodnim kaznenim sudom za biv\u0161u Jugoslaviju ostaje osnovni zahtjev za zemlje zapadnoga Balkana za budu\u0107i nastavak procesa integracije u Europsku uniju,<br \/>\nG. budu\u0107i da je general Radislav Krsti\u0107 kao pripadnik vojske bosanskih Srba prva osoba koju je Me\u0111unarodni kazneni sud za biv\u0161u Jugoslaviju proglasio krivom zbog pomaganja i poticanja srebreni\u010dkog genocida, budu\u0107i da je jedan od dvojice najistaknutijih optu\u017eenika Ratko Mladi\u0107 jo\u0161 uvijek na slobodi skoro \u010detrnaest godina nakon tragi\u010dnih zbivanja, i budu\u0107i da je pozdravljeno to \u0161to je Radovan Karad\u017ei\u0107 preba\u010den u Me\u0111unarodni kazneni sud za biv\u0161u Jugoslaviju,<br \/>\nH. budu\u0107i da je institucionalizacija dana sje\u0107anja najbolji na\u010din odavanja po\u0161tovanja \u017ertvama zlo\u010dina i slanje jasne poruke budu\u0107im generacijama,<\/p>\n<p>1. Europski parlament se sje\u0107a i odaje po\u010dast svim \u017ertvama okrutnosti tijekom rata u biv\u0161oj Jugoslaviji; izra\u017eava svoju su\u0107ut i solidarnost s obiteljima \u017ertava, od kojih mnoge \u017eive bez kona\u010dne potvrde o sudbini njihovih o\u010deva, sinova, mu\u017eeva ili bra\u0107e; priznaje da je ovaj nastavak boli pogor\u0161an propustom da se privedu pravdi odgovorni za ove doga\u0111aje;<br \/>\n2. Poziva Vije\u0107e i Komisiju da prikladno odaju po\u010dast obljetnici \u010dina genocida Srebrenica &#8211; Poto\u010dari podr\u017eavaju\u0107i priznanje Europskog parlamenta o 11. srpnja kao danu sje\u0107anja na srebreni\u010dki genocid u cijeloj Europskoj uniji i poziva sve zemlje zapadnoga Balkana da u\u010dine isto;<br \/>\n3. Poziva na daljnje napore za privo\u0111enje pravdi ostalih bjegunaca, izra\u017eava svoju punu potporu va\u017enom i napornom radu Me\u0111unarodnog kaznenog suda za biv\u0161u Jugoslaviju i nagla\u0161ava da je privo\u0111enje pravdi za zlo\u010dine u Srebrenici i oko nje jo\u0161 va\u017ean korak prema miru i stabilnosti u regionu;<br \/>\n4. Nagla\u0161ava va\u017enost pomirenja kao dijela europskog integracijskog procesa; isti\u010de va\u017enu ulogu religijskih zajednica, medija i obrazovnoga sustava u ovome procesu, tako da stanovni\u0161tvo svih etni\u010dkih skupina mo\u017ee prevazi\u0107i tenzije pro\u0161losti i po\u010deti miroljubiv i iskren su\u017eivot u zajedni\u010dkom trajnom miru, stabilnosti i ekonomskom razvitku; podsti\u010de sve zemlje da u\u010dine daljnje napore i da do\u0111u do dobrih odnosa unato\u010d te\u0161koj i optere\u0107avaju\u0107oj pro\u0161losti;<br \/>\n5. Nala\u017ee svom predsjedniku da proslijedi ovu rezoluciju Vije\u0107u, Komisiji, vladama dr\u017eava \u010dlanica, Vladi i Parlamentu Bosne i Hercegovine, njezinim entitetima i regionalnim jedinicama, i vladama i parlamentima dr\u017eava zapadnoga Balkana.<\/li>\n<\/ul>\n<p><strong>\u00a0<\/strong><\/p>\n<p style=\"text-align: right;\">\u00a0 \u00a0 \u00a0 \u00a0 \u00a0 \u00a0 \u00a0 \u00a0 \u00a0 \u00a0 \u00a0 \u00a0 \u00a0 \u00a0 \u00a0 \u00a0 \u00a0 \u00a0 \u00a0 \u00a0 \u00a0 \u00a0 \u00a0 \u00a0 \u00a0 \u00a0 \u00a0 \u00a0 \u00a0 \u00a0 \u00a0 \u00a0 \u00a0Kolegij Skup\u0161tine \u017dupanije Posavske<br \/>\nStru\u010dna slu\u017eba Skup\u0161tine \u017dupanije Posavske<\/p>\n","protected":false},"excerpt":{"rendered":"<p>Domaljevac, 10.07.2017. godine \u2013 Svaki zlo\u010din i svako stradanje ostavlja o\u017eiljke, rane i tragove kod onih koji su zlo\u010dine i stradanja do\u017eivjeli, pre\u017eivjeli i \u017eive danas s njima u svojim sje\u0107anjima. Na 22. godi\u0161njicu najve\u0107eg ratnog zlo\u010dina po\u010dinjenog na europskom tlu nakon Drugog svjetskog rata i dalje nismo izlije\u010deni od ratnih trauma te nemamo pomirljiv, &hellip;<br \/><a href=\"https:\/\/skupstinazp.ba\/new\/priopcenje-kolegija-skupstine-zupanije-posavske-povodom-22-godisnjice-stradanja-u-srebrenici\/\" class=\"more-link pen_button pen_element_default pen_icon_arrow_double\">Nastavite \u010ditati <span class=\"screen-reader-text\">PRIOP\u0106ENJE KOLEGIJA SKUP\u0160TINE \u017dUPANIJE POSAVSKE POVODOM 22. GODI\u0160NJICE STRADANJA U SREBRENICI<\/span><\/a><\/p>\n","protected":false},"author":2,"featured_media":3358,"comment_status":"closed","ping_status":"closed","sticky":false,"template":"","format":"standard","meta":{"footnotes":""},"categories":[2],"tags":[],"class_list":["post-3357","post","type-post","status-publish","format-standard","has-post-thumbnail","hentry","category-novosti"],"_links":{"self":[{"href":"https:\/\/skupstinazp.ba\/new\/wp-json\/wp\/v2\/posts\/3357","targetHints":{"allow":["GET"]}}],"collection":[{"href":"https:\/\/skupstinazp.ba\/new\/wp-json\/wp\/v2\/posts"}],"about":[{"href":"https:\/\/skupstinazp.ba\/new\/wp-json\/wp\/v2\/types\/post"}],"author":[{"embeddable":true,"href":"https:\/\/skupstinazp.ba\/new\/wp-json\/wp\/v2\/users\/2"}],"replies":[{"embeddable":true,"href":"https:\/\/skupstinazp.ba\/new\/wp-json\/wp\/v2\/comments?post=3357"}],"version-history":[{"count":0,"href":"https:\/\/skupstinazp.ba\/new\/wp-json\/wp\/v2\/posts\/3357\/revisions"}],"wp:featuredmedia":[{"embeddable":true,"href":"https:\/\/skupstinazp.ba\/new\/wp-json\/wp\/v2\/media\/3358"}],"wp:attachment":[{"href":"https:\/\/skupstinazp.ba\/new\/wp-json\/wp\/v2\/media?parent=3357"}],"wp:term":[{"taxonomy":"category","embeddable":true,"href":"https:\/\/skupstinazp.ba\/new\/wp-json\/wp\/v2\/categories?post=3357"},{"taxonomy":"post_tag","embeddable":true,"href":"https:\/\/skupstinazp.ba\/new\/wp-json\/wp\/v2\/tags?post=3357"}],"curies":[{"name":"wp","href":"https:\/\/api.w.org\/{rel}","templated":true}]}}