{"id":338,"date":"2012-02-24T01:24:43","date_gmt":"2012-02-24T01:24:43","guid":{"rendered":"http:\/\/skupstinazp.ba\/?p=338"},"modified":"2012-02-24T01:24:43","modified_gmt":"2012-02-24T01:24:43","slug":"priopcenje-ohr-a-sarajevo","status":"publish","type":"post","link":"https:\/\/skupstinazp.ba\/new\/priopcenje-ohr-a-sarajevo\/","title":{"rendered":"Priop\u0107enje OHR-a Sarajevo"},"content":{"rendered":"<p style=\"text-align: left;\"><a href=\"http:\/\/skupstinazp.ba\/wp-content\/uploads\/2012\/02\/OHR-posjeta.jpg\"><img decoding=\"async\" class=\"aligncenter  wp-image-339\" title=\"OHR posjeta\" src=\"http:\/\/skupstinazp.ba\/wp-content\/uploads\/2012\/02\/OHR-posjeta.jpg\" alt=\"\" \nwidth=\"500\" height=\"333\" srcset=\"https:\/\/skupstinazp.ba\/new\/wp-content\/uploads\/2012\/02\/OHR-posjeta.jpg 960w, https:\/\/skupstinazp.ba\/new\/wp-content\/uploads\/2012\/02\/OHR-posjeta-300x168.jpg 300w, https:\/\/skupstinazp.ba\/new\/wp-content\/uploads\/2012\/02\/OHR-posjeta-768x431.jpg 768w\" sizes=\"(max-width: 960px) 100vw, 960px\" \/><\/a>Visoki predstavnik Valentin Inzko sastao se u srijedu, 22. velja\u010de 2012. godine s Mariom Jurki\u0107em, predsjednikom Posavske \u017dupanijske Skup\u0161tine i zamjenikom predsjednika Anesom Osmanovi\u0107em, kako bi razmotrili niz pitanja, uklju\u010duju\u0107i i \u017eupanijske financije i pitanja vezana za nacionalnu zastupljenost u Vladi \u017dupanije posavske. <!--more Pro\u010ditaj vi\u0161e --><\/p>\n<p style=\"text-align: left;\">Visoki predstavnik je rekao da vlada i parlament na svim razinama imaju obvezu odr\u017eanja Ustava i provedbu Mirovnog sporazuma.\u00a0Na sastanku je Visoki predstavnik je naglasio da se ovo pitanje isti\u010de, jo\u0161 jednom, \u00a0i kroz potrebu za imenovanje sudaca na Ustavnom sudu FBiH kako bi bio okon\u010dan postupak formiranja tijela u Sudu koji bi se bavio pitanjima za\u0161tite vitalnih interesa.<\/p>\n<p style=\"text-align: left;\">&#8220;Predugo traje postupak imenovanja sudaca\u201c, rekao je Visoki predstavnik ju\u010der.\u00a0&#8220;Krajnje je vrijeme da se taj postupak okon\u010da tako da Vije\u0107e mo\u017ee obavljati svoje du\u017enosti i odlu\u010duje o zahtjevima kao \u0161to su one vezane za zahtjev o za\u0161titi vitalnih interesa u Vladi \u017dupanije posavske\u201c, kazao je Inzko\u201c.<\/p>\n","protected":false},"excerpt":{"rendered":"<p>Visoki predstavnik Valentin Inzko sastao se u srijedu, 22. velja\u010de 2012. godine s Mariom Jurki\u0107em, predsjednikom Posavske \u017dupanijske Skup\u0161tine i zamjenikom predsjednika Anesom Osmanovi\u0107em, kako bi razmotrili niz pitanja, uklju\u010duju\u0107i i \u017eupanijske financije i pitanja vezana za nacionalnu zastupljenost u Vladi \u017dupanije posavske.<\/p>\n","protected":false},"author":2,"featured_media":0,"comment_status":"open","ping_status":"closed","sticky":false,"template":"","format":"standard","meta":{"footnotes":""},"categories":[2],"tags":[],"class_list":["post-338","post","type-post","status-publish","format-standard","hentry","category-novosti"],"_links":{"self":[{"href":"https:\/\/skupstinazp.ba\/new\/wp-json\/wp\/v2\/posts\/338","targetHints":{"allow":["GET"]}}],"collection":[{"href":"https:\/\/skupstinazp.ba\/new\/wp-json\/wp\/v2\/posts"}],"about":[{"href":"https:\/\/skupstinazp.ba\/new\/wp-json\/wp\/v2\/types\/post"}],"author":[{"embeddable":true,"href":"https:\/\/skupstinazp.ba\/new\/wp-json\/wp\/v2\/users\/2"}],"replies":[{"embeddable":true,"href":"https:\/\/skupstinazp.ba\/new\/wp-json\/wp\/v2\/comments?post=338"}],"version-history":[{"count":0,"href":"https:\/\/skupstinazp.ba\/new\/wp-json\/wp\/v2\/posts\/338\/revisions"}],"wp:attachment":[{"href":"https:\/\/skupstinazp.ba\/new\/wp-json\/wp\/v2\/media?parent=338"}],"wp:term":[{"taxonomy":"category","embeddable":true,"href":"https:\/\/skupstinazp.ba\/new\/wp-json\/wp\/v2\/categories?post=338"},{"taxonomy":"post_tag","embeddable":true,"href":"https:\/\/skupstinazp.ba\/new\/wp-json\/wp\/v2\/tags?post=338"}],"curies":[{"name":"wp","href":"https:\/\/api.w.org\/{rel}","templated":true}]}}