{"id":3389,"date":"2017-09-27T13:29:11","date_gmt":"2017-09-27T12:59:11","guid":{"rendered":"http:\/\/skupstinazp.ba\/Nova\/?p=3389"},"modified":"2017-09-27T13:29:11","modified_gmt":"2017-09-27T12:59:11","slug":"zakazana-xvii-sjednica-skupstine-zupanije-posavske","status":"publish","type":"post","link":"https:\/\/skupstinazp.ba\/new\/zakazana-xvii-sjednica-skupstine-zupanije-posavske\/","title":{"rendered":"ZAKAZANA XVII. SJEDNICA SKUP\u0160TINE \u017dUPANIJE POSAVSKE"},"content":{"rendered":"<p>DOMALJEVAC \u2013 26.09.2017. godine u Skup\u0161tini \u017dupanije Posavske odr\u017eana je XXIV. sjednica Kolegija Skup\u0161tine. Na sjednici je utvr\u0111en datum i vrijeme odr\u017eavanja kao i Prijedlog dnevnog reda XVII. sjednice Skup\u0161tine \u017dupanije Posavske.<\/p>\n<p>Sjednica Skup\u0161tine \u0107e biti odr\u017eana 4. listopada 2017. godine (srijeda) u 10,00 sati u dvorani za sjednice Skup\u0161tine \u017dupanije Posavske u Domaljevcu, a sjednice radnih tijela odr\u017eat \u0107e se u utorak 3. listopada 2017. godine.<\/p>\n<p>Kolegij Skup\u0161tine utvrdio je slijede\u0107i Prijedlog dnevnog reda za XVII. sjednicu Skup\u0161tine \u017dupanije Posavske:<\/p>\n<ol>\n<li>Prijedlog zakona o priznavanju inozemnih obrazovnih kvalifikacija<\/li>\n<li>Nacrt zakona o muzejima<\/li>\n<li>Prijedlog odluke o pristupanju izradi Prostornog plana \u017dupanije Posavske za period 2017.-2037. godine<\/li>\n<li>Informacija o stanju u poljoprivredi \u017dupanije Posavske<\/li>\n<\/ol>\n<p style=\"text-align: right;\">\u00a0\u00a0\u00a0\u00a0\u00a0\u00a0\u00a0\u00a0\u00a0\u00a0\u00a0\u00a0\u00a0\u00a0\u00a0\u00a0\u00a0\u00a0\u00a0\u00a0\u00a0\u00a0\u00a0\u00a0\u00a0\u00a0\u00a0\u00a0\u00a0\u00a0\u00a0\u00a0\u00a0\u00a0\u00a0\u00a0\u00a0\u00a0\u00a0\u00a0\u00a0\u00a0\u00a0\u00a0\u00a0\u00a0\u00a0\u00a0\u00a0\u00a0\u00a0\u00a0\u00a0\u00a0\u00a0\u00a0\u00a0\u00a0\u00a0\u00a0\u00a0\u00a0\u00a0\u00a0\u00a0\u00a0\u00a0\u00a0\u00a0\u00a0\u00a0\u00a0\u00a0\u00a0\u00a0\u00a0\u00a0\u00a0\u00a0\u00a0\u00a0 Stru\u010dna slu\u017eba Skup\u0161tine<\/p>\n","protected":false},"excerpt":{"rendered":"<p>DOMALJEVAC \u2013 26.09.2017. godine u Skup\u0161tini \u017dupanije Posavske odr\u017eana je XXIV. sjednica Kolegija Skup\u0161tine. Na sjednici je utvr\u0111en datum i vrijeme odr\u017eavanja kao i Prijedlog dnevnog reda XVII. sjednice Skup\u0161tine \u017dupanije Posavske. Sjednica Skup\u0161tine \u0107e biti odr\u017eana 4. listopada 2017. godine (srijeda) u 10,00 sati u dvorani za sjednice Skup\u0161tine \u017dupanije Posavske u Domaljevcu, a &hellip;<br \/><a href=\"https:\/\/skupstinazp.ba\/new\/zakazana-xvii-sjednica-skupstine-zupanije-posavske\/\" class=\"more-link pen_button pen_element_default pen_icon_arrow_double\">Nastavite \u010ditati <span class=\"screen-reader-text\">ZAKAZANA XVII. SJEDNICA SKUP\u0160TINE \u017dUPANIJE POSAVSKE<\/span><\/a><\/p>\n","protected":false},"author":2,"featured_media":2961,"comment_status":"closed","ping_status":"closed","sticky":false,"template":"","format":"standard","meta":{"footnotes":""},"categories":[2,3],"tags":[],"class_list":["post-3389","post","type-post","status-publish","format-standard","has-post-thumbnail","hentry","category-novosti","category-obavijesti"],"_links":{"self":[{"href":"https:\/\/skupstinazp.ba\/new\/wp-json\/wp\/v2\/posts\/3389","targetHints":{"allow":["GET"]}}],"collection":[{"href":"https:\/\/skupstinazp.ba\/new\/wp-json\/wp\/v2\/posts"}],"about":[{"href":"https:\/\/skupstinazp.ba\/new\/wp-json\/wp\/v2\/types\/post"}],"author":[{"embeddable":true,"href":"https:\/\/skupstinazp.ba\/new\/wp-json\/wp\/v2\/users\/2"}],"replies":[{"embeddable":true,"href":"https:\/\/skupstinazp.ba\/new\/wp-json\/wp\/v2\/comments?post=3389"}],"version-history":[{"count":0,"href":"https:\/\/skupstinazp.ba\/new\/wp-json\/wp\/v2\/posts\/3389\/revisions"}],"wp:featuredmedia":[{"embeddable":true,"href":"https:\/\/skupstinazp.ba\/new\/wp-json\/wp\/v2\/media\/2961"}],"wp:attachment":[{"href":"https:\/\/skupstinazp.ba\/new\/wp-json\/wp\/v2\/media?parent=3389"}],"wp:term":[{"taxonomy":"category","embeddable":true,"href":"https:\/\/skupstinazp.ba\/new\/wp-json\/wp\/v2\/categories?post=3389"},{"taxonomy":"post_tag","embeddable":true,"href":"https:\/\/skupstinazp.ba\/new\/wp-json\/wp\/v2\/tags?post=3389"}],"curies":[{"name":"wp","href":"https:\/\/api.w.org\/{rel}","templated":true}]}}