{"id":341,"date":"2012-02-24T01:29:12","date_gmt":"2012-02-24T01:29:12","guid":{"rendered":"http:\/\/skupstinazp.ba\/?p=341"},"modified":"2012-02-24T01:29:12","modified_gmt":"2012-02-24T01:29:12","slug":"razgovori-u-sarajevskom-uredu-ohr-a","status":"publish","type":"post","link":"https:\/\/skupstinazp.ba\/new\/razgovori-u-sarajevskom-uredu-ohr-a\/","title":{"rendered":"Razgovori u Sarajevskom uredu OHR-a"},"content":{"rendered":"<p style=\"text-align: left;\"><a href=\"http:\/\/skupstinazp.ba\/wp-content\/uploads\/2011\/11\/Skupstina.jpg\"><img loading=\"lazy\" decoding=\"async\" class=\"aligncenter  wp-image-218\" title=\"Skupstina\" src=\"http:\/\/skupstinazp.ba\/wp-content\/uploads\/2011\/11\/Skupstina.jpg\" alt=\"\" width=\"500\" height=\"333\" \/><\/a>Predsjednik i dopredsjednik Skup\u0161tine \u017dupanije Posavske Mario Jurki\u0107 i Anes Osmanovi\u0107 sastali su se u srijedu, 22. velja\u010de 2012. godine u Sarajevu s Visokim predstavnikom u BiH Valentinom Inzkom. <!--more Pro\u010ditaj vi\u0161e --><\/p>\n<p style=\"text-align: left;\">Razgovaralo se o pokretanju pitanja vitalnog nacionalnog interesa od strane Bo\u0161njaka vezano za imenovanje ministra pravosu\u0111a u Vladi \u017dupanije Posavske, a bilo je rije\u010di i o Zakonu o pripadnosti javnih prihoda. Tijekom razgovora dotaknuta je i problematika aktualnoga \u0161trajka djelatnika MUP-a <a href=\"http:\/\/skupstinazp.ba\/wp-content\/uploads\/2011\/11\/Skupstina.jpg\"><br \/>\n<\/a>\u017dupanije posavske. \u201eZadovoljan sam ju\u010dera\u0161njim razgovorima u Sarajevu, kod Visokog predstavnika za BiH Valentina Inzka\u201c, kazao je po povratku u \u017dupaniju posavsku predsjednik Skup\u0161tine \u017dupanije posavske Mario Jurki\u0107. \u201eVisoki je predstavnik insistirao na razgovorima o nedostaju\u0107em ministru pravosu\u0111a u Vladi \u017dupanije posavske, dok sam ja nametao i pitanje Zakona o pripadnosti javnih prihoda.<\/p>\n<p style=\"text-align: left;\">Rje\u0161avaju\u0107i Zakon o pripadnosti javnih prihoda mi se brinemo za vitalni interes svih mje\u0161tana \u017dupanije posavske i Hrvata, i Bo\u0161njaka, i Srba i ostalih, pa tako i za rje\u0161avanjem pitanja uposlenika MUP-a, a i za nedostaju\u0107im ministrom pravosu\u0111a, kazao je predsjednik Skup\u0161tine \u017dupanije posavske Jurki\u0107 po povratku iz Sarajeva.<\/p>\n","protected":false},"excerpt":{"rendered":"<p>Predsjednik i dopredsjednik Skup\u0161tine \u017dupanije Posavske Mario Jurki\u0107 i Anes Osmanovi\u0107 sastali su se u srijedu, 22. velja\u010de 2012. godine u Sarajevu s Visokim predstavnikom u BiH Valentinom Inzkom.<\/p>\n","protected":false},"author":2,"featured_media":0,"comment_status":"open","ping_status":"closed","sticky":false,"template":"","format":"standard","meta":{"footnotes":""},"categories":[2],"tags":[],"class_list":["post-341","post","type-post","status-publish","format-standard","hentry","category-novosti"],"_links":{"self":[{"href":"https:\/\/skupstinazp.ba\/new\/wp-json\/wp\/v2\/posts\/341","targetHints":{"allow":["GET"]}}],"collection":[{"href":"https:\/\/skupstinazp.ba\/new\/wp-json\/wp\/v2\/posts"}],"about":[{"href":"https:\/\/skupstinazp.ba\/new\/wp-json\/wp\/v2\/types\/post"}],"author":[{"embeddable":true,"href":"https:\/\/skupstinazp.ba\/new\/wp-json\/wp\/v2\/users\/2"}],"replies":[{"embeddable":true,"href":"https:\/\/skupstinazp.ba\/new\/wp-json\/wp\/v2\/comments?post=341"}],"version-history":[{"count":0,"href":"https:\/\/skupstinazp.ba\/new\/wp-json\/wp\/v2\/posts\/341\/revisions"}],"wp:attachment":[{"href":"https:\/\/skupstinazp.ba\/new\/wp-json\/wp\/v2\/media?parent=341"}],"wp:term":[{"taxonomy":"category","embeddable":true,"href":"https:\/\/skupstinazp.ba\/new\/wp-json\/wp\/v2\/categories?post=341"},{"taxonomy":"post_tag","embeddable":true,"href":"https:\/\/skupstinazp.ba\/new\/wp-json\/wp\/v2\/tags?post=341"}],"curies":[{"name":"wp","href":"https:\/\/api.w.org\/{rel}","templated":true}]}}