{"id":3422,"date":"2017-11-21T14:40:25","date_gmt":"2017-11-21T14:10:25","guid":{"rendered":"http:\/\/skupstinazp.ba\/Nova\/?p=3422"},"modified":"2017-11-21T14:40:25","modified_gmt":"2017-11-21T14:10:25","slug":"predstavljeno-izvjesce-o-kapacitetima-i-potrebama-zupanijskihkantonalnih-skupstina-u-procesu-europskih-integracija","status":"publish","type":"post","link":"https:\/\/skupstinazp.ba\/new\/predstavljeno-izvjesce-o-kapacitetima-i-potrebama-zupanijskihkantonalnih-skupstina-u-procesu-europskih-integracija\/","title":{"rendered":"PREDSTAVLJENO IZVJE\u0160\u0106E O KAPACITETIMA I POTREBAMA \u017dUPANIJSKIH\/KANTONALNIH SKUP\u0160TINA U PROCESU EUROPSKIH INTEGRACIJA"},"content":{"rendered":"<p style=\"font-weight: 400;\">Sarajevo, 14.11.2017. godine \u2013 Joso Markovi\u0107 \u2013 predsjednik Skup\u0161tine \u017dupanije Posavske prisustvovao je na sastanku u\u00a0 Domu naroda Parlamenta Federacije BiH na kojemu je zajedno s rukovodstvom ovog doma, \u010delnicima \u017eupanijskih\/kantonalnih Skup\u0161tina, predstavnicima Delegacije EU u BiH i Narodne Skup\u0161tine Republike Ma\u0111arske razmatrano i usvojeno Izvje\u0161\u0107e o procjeni kapaciteta i potreba \u017eupanijskih\/kantonalnih Skup\u0161tina u procesu integracija u EU.<\/p>\n<p style=\"font-weight: 400;\">Sastanak je odr\u017ean u sklopu \u201eTwinning Light\u201c projekt koji se realizira u suradnji s partnerima iz Narodne skup\u0161tine Repubike Ma\u0111arske a namijenjen je ja\u010danju kapaciteta \u017eupanijskih\/kantonalnih skup\u0161tina, odnosno njihovoj pripremi za aktivnosti u procesu europskih integracija.<\/p>\n<p style=\"font-weight: 400;\">\u00a0\u201eNadam se kako \u0107emo uskoro dobiti kandidacijsku status i zapo\u010deti pregovore za \u010dlanstvo u EU. U tom kontekstu uloga \u017eupanija je veoma va\u017ena i ovo je prilika za procjenu ne samo kapaciteta ve\u0107 i izazova koji nam stoje na europskom putu kako bi na njih mogli \u0161to kvalitetnije odgovoriti\u201c, istaknula je ovom prigodom Lidija Bradara, predsjedateljica Doma naroda Parlamenta Federacije BiH.<\/p>\n<p style=\"font-weight: 400;\">Sastanak su veoma korisnim ocijenili i Jan Snaidauf, \u0161ef politi\u010dkog i ekonomskog odjela Delegacije EU kao i predstavnici Skup\u0161tina \u017eupanija\/kantona u Federaciji BiH.<\/p>\n<p style=\"font-weight: 400;\">U ime Skup\u0161tine \u017dupanije Posavske sastanku su nazo\u010dili i Lucija Mati\u0107 \u2013 v.d. Tajnika Skup\u0161tine i Marko Mami\u0107 \u2013\u00a0\u010dlan koordinacijskog tijela za odgovor na upitnik EU ispred Skup\u0161tine \u017dupanije Posavske.<\/p>\n<p><img loading=\"lazy\" decoding=\"async\" class=\"aligncenter size-large wp-image-3424\" src=\"https:\/\/skupstinazp.ba\/new\/wp-content\/uploads\/2017\/11\/Twinnng_light_web2-1024x683.jpg\" alt=\"\" width=\"640\" height=\"427\" srcset=\"https:\/\/skupstinazp.ba\/new\/wp-content\/uploads\/2017\/11\/Twinnng_light_web2-1024x683.jpg 1024w, https:\/\/skupstinazp.ba\/new\/wp-content\/uploads\/2017\/11\/Twinnng_light_web2-300x200.jpg 300w, https:\/\/skupstinazp.ba\/new\/wp-content\/uploads\/2017\/11\/Twinnng_light_web2-768x512.jpg 768w, https:\/\/skupstinazp.ba\/new\/wp-content\/uploads\/2017\/11\/Twinnng_light_web2.jpg 1080w\" sizes=\"auto, (max-width: 640px) 100vw, 640px\" \/><\/p>\n<p style=\"font-weight: 400; text-align: right;\">Stru\u010dna slu\u017eba Skup\u0161tine<\/p>\n<p style=\"font-weight: 400; text-align: right;\">Izvor: Doma naroda Parlamenta FBiH<\/p>\n","protected":false},"excerpt":{"rendered":"<p>Sarajevo, 14.11.2017. godine \u2013 Joso Markovi\u0107 \u2013 predsjednik Skup\u0161tine \u017dupanije Posavske prisustvovao je na sastanku u\u00a0 Domu naroda Parlamenta Federacije BiH na kojemu je zajedno s rukovodstvom ovog doma, \u010delnicima \u017eupanijskih\/kantonalnih Skup\u0161tina, predstavnicima Delegacije EU u BiH i Narodne Skup\u0161tine Republike Ma\u0111arske razmatrano i usvojeno Izvje\u0161\u0107e o procjeni kapaciteta i potreba \u017eupanijskih\/kantonalnih Skup\u0161tina u procesu &hellip;<br \/><a href=\"https:\/\/skupstinazp.ba\/new\/predstavljeno-izvjesce-o-kapacitetima-i-potrebama-zupanijskihkantonalnih-skupstina-u-procesu-europskih-integracija\/\" class=\"more-link pen_button pen_element_default pen_icon_arrow_double\">Nastavite \u010ditati <span class=\"screen-reader-text\">PREDSTAVLJENO IZVJE\u0160\u0106E O KAPACITETIMA I POTREBAMA \u017dUPANIJSKIH\/KANTONALNIH SKUP\u0160TINA U PROCESU EUROPSKIH INTEGRACIJA<\/span><\/a><\/p>\n","protected":false},"author":2,"featured_media":3423,"comment_status":"closed","ping_status":"closed","sticky":false,"template":"","format":"standard","meta":{"footnotes":""},"categories":[2],"tags":[],"class_list":["post-3422","post","type-post","status-publish","format-standard","has-post-thumbnail","hentry","category-novosti"],"_links":{"self":[{"href":"https:\/\/skupstinazp.ba\/new\/wp-json\/wp\/v2\/posts\/3422","targetHints":{"allow":["GET"]}}],"collection":[{"href":"https:\/\/skupstinazp.ba\/new\/wp-json\/wp\/v2\/posts"}],"about":[{"href":"https:\/\/skupstinazp.ba\/new\/wp-json\/wp\/v2\/types\/post"}],"author":[{"embeddable":true,"href":"https:\/\/skupstinazp.ba\/new\/wp-json\/wp\/v2\/users\/2"}],"replies":[{"embeddable":true,"href":"https:\/\/skupstinazp.ba\/new\/wp-json\/wp\/v2\/comments?post=3422"}],"version-history":[{"count":0,"href":"https:\/\/skupstinazp.ba\/new\/wp-json\/wp\/v2\/posts\/3422\/revisions"}],"wp:featuredmedia":[{"embeddable":true,"href":"https:\/\/skupstinazp.ba\/new\/wp-json\/wp\/v2\/media\/3423"}],"wp:attachment":[{"href":"https:\/\/skupstinazp.ba\/new\/wp-json\/wp\/v2\/media?parent=3422"}],"wp:term":[{"taxonomy":"category","embeddable":true,"href":"https:\/\/skupstinazp.ba\/new\/wp-json\/wp\/v2\/categories?post=3422"},{"taxonomy":"post_tag","embeddable":true,"href":"https:\/\/skupstinazp.ba\/new\/wp-json\/wp\/v2\/tags?post=3422"}],"curies":[{"name":"wp","href":"https:\/\/api.w.org\/{rel}","templated":true}]}}