{"id":3426,"date":"2017-11-22T13:00:43","date_gmt":"2017-11-22T12:30:43","guid":{"rendered":"http:\/\/skupstinazp.ba\/Nova\/?p=3426"},"modified":"2017-11-22T13:00:43","modified_gmt":"2017-11-22T12:30:43","slug":"zakazana-xviii-sjednica-skupstine-zupanije-posavske","status":"publish","type":"post","link":"https:\/\/skupstinazp.ba\/new\/zakazana-xviii-sjednica-skupstine-zupanije-posavske\/","title":{"rendered":"ZAKAZANA XVIII. SJEDNICA SKUP\u0160TINE \u017dUPANIJE POSAVSKE"},"content":{"rendered":"<p style=\"font-weight: 400;\">DOMALJEVAC \u2013 22.11.2017. godine u Skup\u0161tini \u017dupanije Posavske odr\u017eana je XXV. sjednica Kolegija Skup\u0161tine. Na sjednici je utvr\u0111en\u00a0datum i vrijeme odr\u017eavanja kao i Prijedlog dnevnog reda XVIII. sjednice Skup\u0161tine \u017dupanije Posavske.<\/p>\n<p style=\"font-weight: 400;\">Sjednica Skup\u0161tine \u0107e biti odr\u017eana 28. studenog 2017. godine (utorak) u 8,30 sati u\u00a0dvorani za sjednice Skup\u0161tine \u017dupanije Posavske u Domaljevcu, a sjednice radnih tijela odr\u017eat \u0107e se u ponedjeljak 27. studenog 2017. godine.<\/p>\n<p style=\"font-weight: 400;\">Kolegij Skup\u0161tine utvrdio je slijede\u0107i Prijedlog dnevnog reda za XVIII. sjednicu Skup\u0161tine \u017dupanije Posavske:<\/p>\n<ol style=\"font-weight: 400;\">\n<li>Prijedlog izmjena i dopuna Prora\u010duna \u017dupanije Posavske za 2017. godinu<\/li>\n<\/ol>\n<p style=\"font-weight: 400; text-align: right;\">\u00a0\u00a0\u00a0\u00a0\u00a0\u00a0\u00a0\u00a0\u00a0\u00a0\u00a0\u00a0\u00a0\u00a0\u00a0\u00a0\u00a0\u00a0\u00a0\u00a0\u00a0\u00a0\u00a0\u00a0\u00a0\u00a0\u00a0\u00a0\u00a0\u00a0\u00a0\u00a0\u00a0\u00a0\u00a0\u00a0\u00a0\u00a0\u00a0\u00a0\u00a0\u00a0\u00a0\u00a0\u00a0\u00a0\u00a0\u00a0\u00a0\u00a0\u00a0\u00a0\u00a0\u00a0\u00a0\u00a0\u00a0\u00a0\u00a0\u00a0\u00a0\u00a0\u00a0\u00a0\u00a0\u00a0\u00a0\u00a0\u00a0\u00a0\u00a0\u00a0\u00a0\u00a0\u00a0\u00a0\u00a0\u00a0\u00a0\u00a0\u00a0 Stru\u010dna slu\u017eba Skup\u0161tine<\/p>\n","protected":false},"excerpt":{"rendered":"<p>DOMALJEVAC \u2013 22.11.2017. godine u Skup\u0161tini \u017dupanije Posavske odr\u017eana je XXV. sjednica Kolegija Skup\u0161tine. Na sjednici je utvr\u0111en\u00a0datum i vrijeme odr\u017eavanja kao i Prijedlog dnevnog reda XVIII. sjednice Skup\u0161tine \u017dupanije Posavske. Sjednica Skup\u0161tine \u0107e biti odr\u017eana 28. studenog 2017. godine (utorak) u 8,30 sati u\u00a0dvorani za sjednice Skup\u0161tine \u017dupanije Posavske u Domaljevcu, a sjednice radnih &hellip;<br \/><a href=\"https:\/\/skupstinazp.ba\/new\/zakazana-xviii-sjednica-skupstine-zupanije-posavske\/\" class=\"more-link pen_button pen_element_default pen_icon_arrow_double\">Nastavite \u010ditati <span class=\"screen-reader-text\">ZAKAZANA XVIII. SJEDNICA SKUP\u0160TINE \u017dUPANIJE POSAVSKE<\/span><\/a><\/p>\n","protected":false},"author":2,"featured_media":2955,"comment_status":"closed","ping_status":"closed","sticky":false,"template":"","format":"standard","meta":{"footnotes":""},"categories":[2,3],"tags":[],"class_list":["post-3426","post","type-post","status-publish","format-standard","has-post-thumbnail","hentry","category-novosti","category-obavijesti"],"_links":{"self":[{"href":"https:\/\/skupstinazp.ba\/new\/wp-json\/wp\/v2\/posts\/3426","targetHints":{"allow":["GET"]}}],"collection":[{"href":"https:\/\/skupstinazp.ba\/new\/wp-json\/wp\/v2\/posts"}],"about":[{"href":"https:\/\/skupstinazp.ba\/new\/wp-json\/wp\/v2\/types\/post"}],"author":[{"embeddable":true,"href":"https:\/\/skupstinazp.ba\/new\/wp-json\/wp\/v2\/users\/2"}],"replies":[{"embeddable":true,"href":"https:\/\/skupstinazp.ba\/new\/wp-json\/wp\/v2\/comments?post=3426"}],"version-history":[{"count":0,"href":"https:\/\/skupstinazp.ba\/new\/wp-json\/wp\/v2\/posts\/3426\/revisions"}],"wp:featuredmedia":[{"embeddable":true,"href":"https:\/\/skupstinazp.ba\/new\/wp-json\/wp\/v2\/media\/2955"}],"wp:attachment":[{"href":"https:\/\/skupstinazp.ba\/new\/wp-json\/wp\/v2\/media?parent=3426"}],"wp:term":[{"taxonomy":"category","embeddable":true,"href":"https:\/\/skupstinazp.ba\/new\/wp-json\/wp\/v2\/categories?post=3426"},{"taxonomy":"post_tag","embeddable":true,"href":"https:\/\/skupstinazp.ba\/new\/wp-json\/wp\/v2\/tags?post=3426"}],"curies":[{"name":"wp","href":"https:\/\/api.w.org\/{rel}","templated":true}]}}